{"id":6090,"date":"2025-04-07T14:56:59","date_gmt":"2025-04-07T20:56:59","guid":{"rendered":"https:\/\/distrito.mx\/?p=6090"},"modified":"2025-04-07T14:56:59","modified_gmt":"2025-04-07T20:56:59","slug":"expulsan-a-nino-de-guarderia-en-reino-unido-por-supuesta-homofobia-o-transfobia","status":"publish","type":"post","link":"https:\/\/distrito.mx\/?p=6090","title":{"rendered":"Expulsan a ni\u00f1o de guarder\u00eda en Reino Unido por supuesta homofobia o transfobia"},"content":{"rendered":"\n<p class=\"wp-block-paragraph\">Un ni\u00f1o de apenas tres o cuatro a\u00f1os fue expulsado de una guarder\u00eda p\u00fablica en Reino Unido luego de ser acusado de &#8216;abuso contra la orientaci\u00f3n sexual e identidad de g\u00e9nero&#8217;. El caso, registrado hace aproximadamente tres a\u00f1os, fue revelado recientemente a trav\u00e9s de datos oficiales del Departamento de Educaci\u00f3n brit\u00e1nico.<\/p>\n\n\n\n<p class=\"wp-block-paragraph\">Aunque no se han dado a conocer detalles espec\u00edficos sobre la escuela involucrada ni sobre el menor, este episodio ha generado una fuerte controversia y ha reavivado el debate sobre la aplicaci\u00f3n de conceptos de g\u00e9nero y sexualidad en edades tempranas.<\/p>\n\n\n\n<p class=\"wp-block-paragraph\">La informaci\u00f3n se desprende de un reporte obtenido por el diario &#8216;The Telegraph&#8217;, en el que se detalla que durante el ciclo escolar 2022-2023, 94 estudiantes de escuelas primarias estatales fueron suspendidos o incluso expulsados por actitudes consideradas homof\u00f3bicas o transf\u00f3bicas. De ese total, diez alumnos cursaban primer a\u00f1o y tres estaban en segundo, con edades que oscilan entre los cinco y siete a\u00f1os.<\/p>\n\n\n\n<p class=\"wp-block-paragraph\">Sin embargo, el caso que m\u00e1s ha llamado la atenci\u00f3n es el de un ni\u00f1o que, estando en la etapa de educaci\u00f3n preescolar, fue suspendido por la misma raz\u00f3n, lo que ha generado una ola de cr\u00edticas por la falta de proporcionalidad en la medida.<\/p>\n\n\n\n<p class=\"wp-block-paragraph\">Helen Joyce, directora de incidencia de la organizaci\u00f3n &#8216;Sex Matters&#8217;, calific\u00f3 el hecho como un &#8220;ejemplo extremo de la imposici\u00f3n de ideolog\u00edas de g\u00e9nero en la infancia&#8221;: &#8220;De vez en cuando, los extremos de la ideolog\u00eda de g\u00e9nero nos dejan historias dif\u00edciles de creer. Que se suspenda a un ni\u00f1o de guarder\u00eda por supuesta \u2018transfobia\u2019 o \u2018homofobia\u2019 es una de ellas&#8221;, se\u00f1al\u00f3.<\/p>\n\n\n\n<p class=\"wp-block-paragraph\">Joyce tambi\u00e9n critic\u00f3 que el caso no parece ser aislado. De acuerdo con los datos, al menos 13 menores de entre cuatro y cinco a\u00f1os tambi\u00e9n han sido suspendidos o expulsados por motivos similares en los \u00faltimos a\u00f1os.<\/p>\n\n\n\n<p class=\"wp-block-paragraph\">&#8220;Los docentes y directivos involucrados en este tipo de decisiones deber\u00edan sentirse avergonzados por proyectar conceptos y creencias adultas en ni\u00f1os tan peque\u00f1os. Es imperdonable que se interrumpa su educaci\u00f3n de manera traum\u00e1tica para priorizar las exigencias de activistas por encima del bienestar de los alumnos&#8221;, agreg\u00f3.<\/p>\n\n\n\n<p class=\"wp-block-paragraph\">Seg\u00fan el Departamento de Educaci\u00f3n, los casos de sanci\u00f3n por comportamiento homof\u00f3bico o transf\u00f3bico han aumentado ligeramente de un ciclo escolar a otro. En 2021-2022 se registraron 164 casos; para 2022-2023, la cifra subi\u00f3 a 178.<\/p>\n\n\n\n<p class=\"wp-block-paragraph\">Entre las regiones con m\u00e1s suspensiones destacan Essex, con 16 casos, seguida por Birmingham (15) y Bradford (11).<\/p>\n\n\n\n<p class=\"wp-block-paragraph\">Es importante destacar que la recopilaci\u00f3n oficial de datos sobre este tipo de incidentes comenz\u00f3 apenas en el ciclo escolar 2020-2021, por lo que no hay registros anteriores con los cuales comparar tendencias a largo plazo.<\/p>\n\n\n\n<p class=\"wp-block-paragraph\">Lord Young, director de la organizaci\u00f3n &#8216;Free Speech Union&#8217;, tambi\u00e9n expres\u00f3 su preocupaci\u00f3n, calificando las suspensiones como algo que &#8220;desaf\u00eda toda l\u00f3gica&#8221;.<\/p>\n\n\n\n<p class=\"wp-block-paragraph\">Ante la pol\u00e9mica, un portavoz del Departamento de Educaci\u00f3n brit\u00e1nico emiti\u00f3 una postura en defensa de las pol\u00edticas actuales:<\/p>\n\n\n\n<p class=\"wp-block-paragraph\">&#8220;Todos los alumnos y el personal deben sentirse seguros y protegidos en la escuela, y nunca deben enfrentar violencia o abusos. La secretaria de Educaci\u00f3n ha sido clara al se\u00f1alar que espera que los l\u00edderes escolares apliquen normas firmes de comportamiento&#8221;.<\/p>\n","protected":false},"excerpt":{"rendered":"<p>Un ni\u00f1o de apenas tres o cuatro a\u00f1os fue expulsado de una guarder\u00eda p\u00fablica en Reino Unido luego de ser acusado de &#8216;abuso contra la orientaci\u00f3n sexual e identidad de g\u00e9nero&#8217;. El caso, registrado hace aproximadamente tres a\u00f1os, fue revelado recientemente a trav\u00e9s de datos oficiales del Departamento de Educaci\u00f3n brit\u00e1nico. Aunque no se han [&hellip;]<\/p>\n","protected":false},"author":3,"featured_media":6091,"comment_status":"open","ping_status":"open","sticky":false,"template":"","format":"standard","meta":{"footnotes":""},"categories":[23],"tags":[],"class_list":["post-6090","post","type-post","status-publish","format-standard","has-post-thumbnail","hentry","category-internacional"],"_links":{"self":[{"href":"https:\/\/distrito.mx\/index.php?rest_route=\/wp\/v2\/posts\/6090","targetHints":{"allow":["GET"]}}],"collection":[{"href":"https:\/\/distrito.mx\/index.php?rest_route=\/wp\/v2\/posts"}],"about":[{"href":"https:\/\/distrito.mx\/index.php?rest_route=\/wp\/v2\/types\/post"}],"author":[{"embeddable":true,"href":"https:\/\/distrito.mx\/index.php?rest_route=\/wp\/v2\/users\/3"}],"replies":[{"embeddable":true,"href":"https:\/\/distrito.mx\/index.php?rest_route=%2Fwp%2Fv2%2Fcomments&post=6090"}],"version-history":[{"count":1,"href":"https:\/\/distrito.mx\/index.php?rest_route=\/wp\/v2\/posts\/6090\/revisions"}],"predecessor-version":[{"id":6092,"href":"https:\/\/distrito.mx\/index.php?rest_route=\/wp\/v2\/posts\/6090\/revisions\/6092"}],"wp:featuredmedia":[{"embeddable":true,"href":"https:\/\/distrito.mx\/index.php?rest_route=\/wp\/v2\/media\/6091"}],"wp:attachment":[{"href":"https:\/\/distrito.mx\/index.php?rest_route=%2Fwp%2Fv2%2Fmedia&parent=6090"}],"wp:term":[{"taxonomy":"category","embeddable":true,"href":"https:\/\/distrito.mx\/index.php?rest_route=%2Fwp%2Fv2%2Fcategories&post=6090"},{"taxonomy":"post_tag","embeddable":true,"href":"https:\/\/distrito.mx\/index.php?rest_route=%2Fwp%2Fv2%2Ftags&post=6090"}],"curies":[{"name":"wp","href":"https:\/\/api.w.org\/{rel}","templated":true}]}}