{"id":6093,"date":"2025-04-07T15:12:21","date_gmt":"2025-04-07T21:12:21","guid":{"rendered":"https:\/\/distrito.mx\/?p=6093"},"modified":"2025-04-07T15:12:21","modified_gmt":"2025-04-07T21:12:21","slug":"ford-jalisco-despide-a-empleado-por-uso-indebido-de-camioneta-de-cliente","status":"publish","type":"post","link":"https:\/\/distrito.mx\/?p=6093","title":{"rendered":"Ford Jalisco despide a empleado por uso indebido de camioneta de cliente"},"content":{"rendered":"\n<p class=\"wp-block-paragraph\">Ford Jalisco despidi\u00f3 al empleado que, sin autorizaci\u00f3n, utiliz\u00f3 la camioneta de un cliente que hab\u00eda sido ingresada a taller para reparaci\u00f3n, luego de que el caso se hiciera p\u00fablico a trav\u00e9s de Antonio Landeros, ciudadano de Guadalajara.<\/p>\n\n\n\n<p class=\"wp-block-paragraph\">La empresa explic\u00f3 que la camioneta fue sustra\u00edda y utilizada sin autorizaci\u00f3n ni supervisi\u00f3n por un empleado, actuando por cuenta propia y sin consentimiento del cliente ni del concesionario. Se\u00f1alaron que, conforme a lo establecido por la Ley Federal del Trabajo, tomaron las medidas correspondientes y separaron al colaborador de su cargo, ya que sus facultades legales no les permiten ir m\u00e1s all\u00e1.<\/p>\n\n\n\n<p class=\"wp-block-paragraph\">Aunque el veh\u00edculo fue desensamblado para diagn\u00f3stico, no se realiz\u00f3 ninguna reparaci\u00f3n ni se gener\u00f3 un cobro. La empresa reconoci\u00f3 que existen desacuerdos en el proceso de conciliaci\u00f3n con Antonio Landeros ante Profeco, principalmente por diferencias en la propiedad del veh\u00edculo y cambios en las exigencias durante las negociaciones.<\/p>\n\n\n\n<p class=\"wp-block-paragraph\">El paradero de la unidad es incierto, ya que fue retirada por terceros sin autorizaci\u00f3n de la agencia, que ahora busca reforzar sus protocolos para prevenir incidentes similares.<\/p>\n","protected":false},"excerpt":{"rendered":"<p>Ford Jalisco despidi\u00f3 al empleado que, sin autorizaci\u00f3n, utiliz\u00f3 la camioneta de un cliente que hab\u00eda sido ingresada a taller para reparaci\u00f3n, luego de que el caso se hiciera p\u00fablico a trav\u00e9s de Antonio Landeros, ciudadano de Guadalajara. La empresa explic\u00f3 que la camioneta fue sustra\u00edda y utilizada sin autorizaci\u00f3n ni supervisi\u00f3n por un empleado, [&hellip;]<\/p>\n","protected":false},"author":2,"featured_media":6094,"comment_status":"open","ping_status":"open","sticky":false,"template":"","format":"standard","meta":{"footnotes":""},"categories":[27],"tags":[],"class_list":["post-6093","post","type-post","status-publish","format-standard","has-post-thumbnail","hentry","category-estados"],"_links":{"self":[{"href":"https:\/\/distrito.mx\/index.php?rest_route=\/wp\/v2\/posts\/6093","targetHints":{"allow":["GET"]}}],"collection":[{"href":"https:\/\/distrito.mx\/index.php?rest_route=\/wp\/v2\/posts"}],"about":[{"href":"https:\/\/distrito.mx\/index.php?rest_route=\/wp\/v2\/types\/post"}],"author":[{"embeddable":true,"href":"https:\/\/distrito.mx\/index.php?rest_route=\/wp\/v2\/users\/2"}],"replies":[{"embeddable":true,"href":"https:\/\/distrito.mx\/index.php?rest_route=%2Fwp%2Fv2%2Fcomments&post=6093"}],"version-history":[{"count":1,"href":"https:\/\/distrito.mx\/index.php?rest_route=\/wp\/v2\/posts\/6093\/revisions"}],"predecessor-version":[{"id":6095,"href":"https:\/\/distrito.mx\/index.php?rest_route=\/wp\/v2\/posts\/6093\/revisions\/6095"}],"wp:featuredmedia":[{"embeddable":true,"href":"https:\/\/distrito.mx\/index.php?rest_route=\/wp\/v2\/media\/6094"}],"wp:attachment":[{"href":"https:\/\/distrito.mx\/index.php?rest_route=%2Fwp%2Fv2%2Fmedia&parent=6093"}],"wp:term":[{"taxonomy":"category","embeddable":true,"href":"https:\/\/distrito.mx\/index.php?rest_route=%2Fwp%2Fv2%2Fcategories&post=6093"},{"taxonomy":"post_tag","embeddable":true,"href":"https:\/\/distrito.mx\/index.php?rest_route=%2Fwp%2Fv2%2Ftags&post=6093"}],"curies":[{"name":"wp","href":"https:\/\/api.w.org\/{rel}","templated":true}]}}