{"id":6096,"date":"2025-04-07T15:18:15","date_gmt":"2025-04-07T21:18:15","guid":{"rendered":"https:\/\/distrito.mx\/?p=6096"},"modified":"2025-04-07T15:18:15","modified_gmt":"2025-04-07T21:18:15","slug":"propone-claudia-caballero-prohibir-telefonos-celulares-en-las-escuelas","status":"publish","type":"post","link":"https:\/\/distrito.mx\/?p=6096","title":{"rendered":"Propone Claudia Caballero prohibir tel\u00e9fonos celulares en las escuelas"},"content":{"rendered":"\n<p class=\"wp-block-paragraph\">Con una iniciativa de reforma a la Ley de Educaci\u00f3n del Estado, la diputada de Acci\u00f3n Nacional, Claudia Caballero Ch\u00e1vez, propuso la prohibici\u00f3n de tel\u00e9fonos celulares y dispositivos electr\u00f3nicos en las clases de educaci\u00f3n b\u00e1sica y media superior.<\/p>\n\n\n\n<p class=\"wp-block-paragraph\">En entrevista, Caballero Ch\u00e1vez resalt\u00f3 que el objetivo es brindarle protecci\u00f3n a los menores, para que no se haga mal uso de este tipo de dispositivos.<\/p>\n\n\n\n<p class=\"wp-block-paragraph\">&#8220;Asimismo, evitar\u00e1 el ingreso a las escuelas de nivel b\u00e1sico y medio superior de dispositivos de telefon\u00eda celular, as\u00ed como de dispositivos electr\u00f3nicos cuyo fin sea diferente al educativo&#8221;, coment\u00f3.<\/p>\n\n\n\n<p class=\"wp-block-paragraph\">Claudia Caballero tambi\u00e9n present\u00f3 una iniciativa para que se garantice, en primer lugar, la definici\u00f3n del concepto de redes sociales dentro de la Ley de los Derechos de Ni\u00f1as, Ni\u00f1os y Adolescentes.<\/p>\n\n\n\n<p class=\"wp-block-paragraph\">As\u00ed como tambi\u00e9n, que los datos de registro en las redes sociales digitales ser\u00e1n considerados Datos Personales Sensibles en t\u00e9rminos de lo establecido en la Ley de Protecci\u00f3n de Datos Personales en Posesi\u00f3n de Sujetos Obligados del Estado de Nuevo Le\u00f3n y dem\u00e1s disposiciones legales aplicables.<\/p>\n","protected":false},"excerpt":{"rendered":"<p>Con una iniciativa de reforma a la Ley de Educaci\u00f3n del Estado, la diputada de Acci\u00f3n Nacional, Claudia Caballero Ch\u00e1vez, propuso la prohibici\u00f3n de tel\u00e9fonos celulares y dispositivos electr\u00f3nicos en las clases de educaci\u00f3n b\u00e1sica y media superior. En entrevista, Caballero Ch\u00e1vez resalt\u00f3 que el objetivo es brindarle protecci\u00f3n a los menores, para que no [&hellip;]<\/p>\n","protected":false},"author":3,"featured_media":6097,"comment_status":"open","ping_status":"open","sticky":false,"template":"","format":"standard","meta":{"footnotes":""},"categories":[33],"tags":[],"class_list":["post-6096","post","type-post","status-publish","format-standard","has-post-thumbnail","hentry","category-nuevoleon"],"_links":{"self":[{"href":"https:\/\/distrito.mx\/index.php?rest_route=\/wp\/v2\/posts\/6096","targetHints":{"allow":["GET"]}}],"collection":[{"href":"https:\/\/distrito.mx\/index.php?rest_route=\/wp\/v2\/posts"}],"about":[{"href":"https:\/\/distrito.mx\/index.php?rest_route=\/wp\/v2\/types\/post"}],"author":[{"embeddable":true,"href":"https:\/\/distrito.mx\/index.php?rest_route=\/wp\/v2\/users\/3"}],"replies":[{"embeddable":true,"href":"https:\/\/distrito.mx\/index.php?rest_route=%2Fwp%2Fv2%2Fcomments&post=6096"}],"version-history":[{"count":1,"href":"https:\/\/distrito.mx\/index.php?rest_route=\/wp\/v2\/posts\/6096\/revisions"}],"predecessor-version":[{"id":6098,"href":"https:\/\/distrito.mx\/index.php?rest_route=\/wp\/v2\/posts\/6096\/revisions\/6098"}],"wp:featuredmedia":[{"embeddable":true,"href":"https:\/\/distrito.mx\/index.php?rest_route=\/wp\/v2\/media\/6097"}],"wp:attachment":[{"href":"https:\/\/distrito.mx\/index.php?rest_route=%2Fwp%2Fv2%2Fmedia&parent=6096"}],"wp:term":[{"taxonomy":"category","embeddable":true,"href":"https:\/\/distrito.mx\/index.php?rest_route=%2Fwp%2Fv2%2Fcategories&post=6096"},{"taxonomy":"post_tag","embeddable":true,"href":"https:\/\/distrito.mx\/index.php?rest_route=%2Fwp%2Fv2%2Ftags&post=6096"}],"curies":[{"name":"wp","href":"https:\/\/api.w.org\/{rel}","templated":true}]}}