{"id":6102,"date":"2025-04-07T16:51:56","date_gmt":"2025-04-07T22:51:56","guid":{"rendered":"https:\/\/distrito.mx\/?p=6102"},"modified":"2025-04-07T16:51:57","modified_gmt":"2025-04-07T22:51:57","slug":"convocan-a-jovenes-a-participar-en-concurso-musical-por-la-paz-y-contra-las-adicciones","status":"publish","type":"post","link":"https:\/\/distrito.mx\/?p=6102","title":{"rendered":"Convocan a j\u00f3venes a participar en concurso musical por la paz y contra las adicciones"},"content":{"rendered":"\n<p class=\"wp-block-paragraph\">El Gobierno de M\u00e9xico lanz\u00f3 el concurso &#8216;M\u00e9xico Canta por la Paz y contra las Adicciones&#8217;, una iniciativa cultural dirigida a j\u00f3venes de entre 18 y 34 a\u00f1os residentes en M\u00e9xico o Estados Unidos. La presidenta Claudia Sheinbaum destac\u00f3 que el certamen busca ofrecer una alternativa a la m\u00fasica que promueve la violencia, como ciertos corridos, y generar nuevas oportunidades creativas para los j\u00f3venes.<\/p>\n\n\n\n<p class=\"wp-block-paragraph\">Con el respaldo de figuras clave del \u00e1mbito musical y el Consejo Mexicano de la M\u00fasica, como Miguel \u00c1ngel Trujillo, director del Consejo, el certamen tiene como objetivo impulsar el talento de nuevas generaciones y ofrecer una v\u00eda para la profesionalizaci\u00f3n de los participantes.<\/p>\n\n\n\n<p class=\"wp-block-paragraph\">La convocatoria invita a presentar composiciones originales en g\u00e9neros como mariachi, norte\u00f1o, banda, tropical, duranguense, boleros y corridos tumbados, incluso en lenguas originarias o con temas migrantes. Las inscripciones estar\u00e1n abiertas del 28 de abril al 30 de mayo en el sitio mexicocanta.gob.mx. Las etapas eliminatorias presenciales se realizar\u00e1n en diversas ciudades de M\u00e9xico y Estados Unidos, con una final nacional en Durango.<\/p>\n\n\n\n<p class=\"wp-block-paragraph\">Los ganadores recibir\u00e1n mentor\u00edas, producci\u00f3n profesional y contratos con editoras independientes, como parte de un esfuerzo por profesionalizar a j\u00f3venes artistas y fomentar una transformaci\u00f3n cultural desde la m\u00fasica, seg\u00fan la Secretar\u00eda de Cultura, encabezada por Claudia Curiel de Icaza.<\/p>\n","protected":false},"excerpt":{"rendered":"<p>El Gobierno de M\u00e9xico lanz\u00f3 el concurso &#8216;M\u00e9xico Canta por la Paz y contra las Adicciones&#8217;, una iniciativa cultural dirigida a j\u00f3venes de entre 18 y 34 a\u00f1os residentes en M\u00e9xico o Estados Unidos. La presidenta Claudia Sheinbaum destac\u00f3 que el certamen busca ofrecer una alternativa a la m\u00fasica que promueve la violencia, como ciertos [&hellip;]<\/p>\n","protected":false},"author":2,"featured_media":6103,"comment_status":"open","ping_status":"open","sticky":false,"template":"","format":"standard","meta":{"footnotes":""},"categories":[22],"tags":[],"class_list":["post-6102","post","type-post","status-publish","format-standard","has-post-thumbnail","hentry","category-nacional"],"_links":{"self":[{"href":"https:\/\/distrito.mx\/index.php?rest_route=\/wp\/v2\/posts\/6102","targetHints":{"allow":["GET"]}}],"collection":[{"href":"https:\/\/distrito.mx\/index.php?rest_route=\/wp\/v2\/posts"}],"about":[{"href":"https:\/\/distrito.mx\/index.php?rest_route=\/wp\/v2\/types\/post"}],"author":[{"embeddable":true,"href":"https:\/\/distrito.mx\/index.php?rest_route=\/wp\/v2\/users\/2"}],"replies":[{"embeddable":true,"href":"https:\/\/distrito.mx\/index.php?rest_route=%2Fwp%2Fv2%2Fcomments&post=6102"}],"version-history":[{"count":1,"href":"https:\/\/distrito.mx\/index.php?rest_route=\/wp\/v2\/posts\/6102\/revisions"}],"predecessor-version":[{"id":6104,"href":"https:\/\/distrito.mx\/index.php?rest_route=\/wp\/v2\/posts\/6102\/revisions\/6104"}],"wp:featuredmedia":[{"embeddable":true,"href":"https:\/\/distrito.mx\/index.php?rest_route=\/wp\/v2\/media\/6103"}],"wp:attachment":[{"href":"https:\/\/distrito.mx\/index.php?rest_route=%2Fwp%2Fv2%2Fmedia&parent=6102"}],"wp:term":[{"taxonomy":"category","embeddable":true,"href":"https:\/\/distrito.mx\/index.php?rest_route=%2Fwp%2Fv2%2Fcategories&post=6102"},{"taxonomy":"post_tag","embeddable":true,"href":"https:\/\/distrito.mx\/index.php?rest_route=%2Fwp%2Fv2%2Ftags&post=6102"}],"curies":[{"name":"wp","href":"https:\/\/api.w.org\/{rel}","templated":true}]}}