{"id":6301,"date":"2025-04-09T17:32:19","date_gmt":"2025-04-09T23:32:19","guid":{"rendered":"https:\/\/distrito.mx\/?p=6301"},"modified":"2025-04-09T17:32:20","modified_gmt":"2025-04-09T23:32:20","slug":"escobedo-intensifica-seguridad-escolar-con-operativo-mochila-tras-lesion-en-primaria","status":"publish","type":"post","link":"https:\/\/distrito.mx\/?p=6301","title":{"rendered":"Escobedo intensifica seguridad escolar con Operativo Mochila tras lesi\u00f3n en primaria"},"content":{"rendered":"\n<p class=\"wp-block-paragraph\">Despues del incidente en la Escuela Primaria Francisco A Riestra de Escobedo, donde una menor result\u00f3 lesionada con un arma blanca durante una discusi\u00f3n con una compa\u00f1era, las autoridades municipales pusieron en marcha medidas preventivas.<\/p>\n\n\n\n<p class=\"wp-block-paragraph\">Se llev\u00f3 a cabo un Operativo Mochila para estudiantes de los grados cuarto, quinto y sexto, en colaboraci\u00f3n con padres de familia y elementos de la polic\u00eda local. Adem\u00e1s, se organizaron reuniones informativas para padres, con el objetivo de concienciar sobre la importancia de vigilar las conductas de los menores.<\/p>\n\n\n\n<p class=\"wp-block-paragraph\">Como parte del proceso educativo, personal de Proxpol impartir\u00e1 una charla sobre los derechos y responsabilidades de los adolescentes en relaci\u00f3n con la ley.<\/p>\n","protected":false},"excerpt":{"rendered":"<p>Despues del incidente en la Escuela Primaria Francisco A Riestra de Escobedo, donde una menor result\u00f3 lesionada con un arma blanca durante una discusi\u00f3n con una compa\u00f1era, las autoridades municipales pusieron en marcha medidas preventivas. Se llev\u00f3 a cabo un Operativo Mochila para estudiantes de los grados cuarto, quinto y sexto, en colaboraci\u00f3n con padres [&hellip;]<\/p>\n","protected":false},"author":2,"featured_media":6302,"comment_status":"open","ping_status":"open","sticky":false,"template":"","format":"standard","meta":{"footnotes":""},"categories":[33],"tags":[],"class_list":["post-6301","post","type-post","status-publish","format-standard","has-post-thumbnail","hentry","category-nuevoleon"],"_links":{"self":[{"href":"https:\/\/distrito.mx\/index.php?rest_route=\/wp\/v2\/posts\/6301","targetHints":{"allow":["GET"]}}],"collection":[{"href":"https:\/\/distrito.mx\/index.php?rest_route=\/wp\/v2\/posts"}],"about":[{"href":"https:\/\/distrito.mx\/index.php?rest_route=\/wp\/v2\/types\/post"}],"author":[{"embeddable":true,"href":"https:\/\/distrito.mx\/index.php?rest_route=\/wp\/v2\/users\/2"}],"replies":[{"embeddable":true,"href":"https:\/\/distrito.mx\/index.php?rest_route=%2Fwp%2Fv2%2Fcomments&post=6301"}],"version-history":[{"count":1,"href":"https:\/\/distrito.mx\/index.php?rest_route=\/wp\/v2\/posts\/6301\/revisions"}],"predecessor-version":[{"id":6303,"href":"https:\/\/distrito.mx\/index.php?rest_route=\/wp\/v2\/posts\/6301\/revisions\/6303"}],"wp:featuredmedia":[{"embeddable":true,"href":"https:\/\/distrito.mx\/index.php?rest_route=\/wp\/v2\/media\/6302"}],"wp:attachment":[{"href":"https:\/\/distrito.mx\/index.php?rest_route=%2Fwp%2Fv2%2Fmedia&parent=6301"}],"wp:term":[{"taxonomy":"category","embeddable":true,"href":"https:\/\/distrito.mx\/index.php?rest_route=%2Fwp%2Fv2%2Fcategories&post=6301"},{"taxonomy":"post_tag","embeddable":true,"href":"https:\/\/distrito.mx\/index.php?rest_route=%2Fwp%2Fv2%2Ftags&post=6301"}],"curies":[{"name":"wp","href":"https:\/\/api.w.org\/{rel}","templated":true}]}}