{"id":6304,"date":"2025-04-09T17:35:29","date_gmt":"2025-04-09T23:35:29","guid":{"rendered":"https:\/\/distrito.mx\/?p=6304"},"modified":"2025-04-09T17:35:30","modified_gmt":"2025-04-09T23:35:30","slug":"cierran-y-acordonan-la-plaza-de-la-tecnologia-por-cateo","status":"publish","type":"post","link":"https:\/\/distrito.mx\/?p=6304","title":{"rendered":"Cierran y acordonan la Plaza de la Tecnolog\u00eda por cateo"},"content":{"rendered":"\n<p class=\"wp-block-paragraph\">Personal de la Fiscal\u00eda General del Estado, en coordinaci\u00f3n con la Polic\u00eda de Monterrey, mantiene cerrada la Plaza de la Tecnolog\u00eda, donde se lleva a cabo un cateo.<\/p>\n\n\n\n<p class=\"wp-block-paragraph\">Se inform\u00f3 que el presunto robo de tel\u00e9fonos celulares dirigi\u00f3 a los elementos de estas corporaciones a este lugar, que se encuentra acordonado y custodiado por elementos de seguridad.<\/p>\n\n\n\n<p class=\"wp-block-paragraph\">El cierre se registra en los alrededores de la Plaza de la Tecnolog\u00eda, desde la avenida Ju\u00e1rez en sus cruces con Hidalgo y Morelos, hasta la avenida Cuauht\u00e9moc.<\/p>\n\n\n\n<p class=\"wp-block-paragraph\">Se espera la informaci\u00f3n oficial de las autoridades. En tanto, se invita a la ciudadan\u00eda a evitar esa zona.<\/p>\n","protected":false},"excerpt":{"rendered":"<p>Personal de la Fiscal\u00eda General del Estado, en coordinaci\u00f3n con la Polic\u00eda de Monterrey, mantiene cerrada la Plaza de la Tecnolog\u00eda, donde se lleva a cabo un cateo. Se inform\u00f3 que el presunto robo de tel\u00e9fonos celulares dirigi\u00f3 a los elementos de estas corporaciones a este lugar, que se encuentra acordonado y custodiado por elementos [&hellip;]<\/p>\n","protected":false},"author":3,"featured_media":6305,"comment_status":"open","ping_status":"open","sticky":false,"template":"","format":"standard","meta":{"footnotes":""},"categories":[33],"tags":[],"class_list":["post-6304","post","type-post","status-publish","format-standard","has-post-thumbnail","hentry","category-nuevoleon"],"_links":{"self":[{"href":"https:\/\/distrito.mx\/index.php?rest_route=\/wp\/v2\/posts\/6304","targetHints":{"allow":["GET"]}}],"collection":[{"href":"https:\/\/distrito.mx\/index.php?rest_route=\/wp\/v2\/posts"}],"about":[{"href":"https:\/\/distrito.mx\/index.php?rest_route=\/wp\/v2\/types\/post"}],"author":[{"embeddable":true,"href":"https:\/\/distrito.mx\/index.php?rest_route=\/wp\/v2\/users\/3"}],"replies":[{"embeddable":true,"href":"https:\/\/distrito.mx\/index.php?rest_route=%2Fwp%2Fv2%2Fcomments&post=6304"}],"version-history":[{"count":1,"href":"https:\/\/distrito.mx\/index.php?rest_route=\/wp\/v2\/posts\/6304\/revisions"}],"predecessor-version":[{"id":6306,"href":"https:\/\/distrito.mx\/index.php?rest_route=\/wp\/v2\/posts\/6304\/revisions\/6306"}],"wp:featuredmedia":[{"embeddable":true,"href":"https:\/\/distrito.mx\/index.php?rest_route=\/wp\/v2\/media\/6305"}],"wp:attachment":[{"href":"https:\/\/distrito.mx\/index.php?rest_route=%2Fwp%2Fv2%2Fmedia&parent=6304"}],"wp:term":[{"taxonomy":"category","embeddable":true,"href":"https:\/\/distrito.mx\/index.php?rest_route=%2Fwp%2Fv2%2Fcategories&post=6304"},{"taxonomy":"post_tag","embeddable":true,"href":"https:\/\/distrito.mx\/index.php?rest_route=%2Fwp%2Fv2%2Ftags&post=6304"}],"curies":[{"name":"wp","href":"https:\/\/api.w.org\/{rel}","templated":true}]}}