{"id":6308,"date":"2025-04-09T18:02:13","date_gmt":"2025-04-10T00:02:13","guid":{"rendered":"https:\/\/distrito.mx\/?p=6308"},"modified":"2025-04-09T18:02:14","modified_gmt":"2025-04-10T00:02:14","slug":"santa-fe-klan-causa-polemica-por-posar-como-jesucristo-antes-de-semana-santa","status":"publish","type":"post","link":"https:\/\/distrito.mx\/?p=6308","title":{"rendered":"Santa Fe Klan causa pol\u00e9mica por posar como Jesucristo antes de Semana Santa"},"content":{"rendered":"\n<p class=\"wp-block-paragraph\">Santa Fe Klan volvi\u00f3 a dar de qu\u00e9 hablar en redes sociales, pero esta vez no por su m\u00fasica. El rapero subi\u00f3 unas fotos donde aparece crucificado, claramente haciendo referencia a los \u00faltimos momentos de Jesucristo, justo a d\u00edas de que comience la Semana Santa.<\/p>\n\n\n\n<p class=\"wp-block-paragraph\">Aunque muchos interpretaron las im\u00e1genes como una expresi\u00f3n art\u00edstica, no todos lo tomaron bien. Varios internautas lo criticaron fuertemente por lo que consideraron una falta de respeto hacia la religi\u00f3n cat\u00f3lica, sobre todo por el momento tan simb\u00f3lico del a\u00f1o.<\/p>\n\n\n\n<p class=\"wp-block-paragraph\">Entre los comentarios m\u00e1s comunes, los usuarios le pidieron m\u00e1s sensibilidad y respeto hacia las creencias ajenas, mientras otros lo defendieron, asegurando que el arte tambi\u00e9n puede incomodar. Sea como sea, el rapero guanajuatense volvi\u00f3 a estar en el centro de la conversaci\u00f3n.<\/p>\n","protected":false},"excerpt":{"rendered":"<p>Santa Fe Klan volvi\u00f3 a dar de qu\u00e9 hablar en redes sociales, pero esta vez no por su m\u00fasica. El rapero subi\u00f3 unas fotos donde aparece crucificado, claramente haciendo referencia a los \u00faltimos momentos de Jesucristo, justo a d\u00edas de que comience la Semana Santa. Aunque muchos interpretaron las im\u00e1genes como una expresi\u00f3n art\u00edstica, no [&hellip;]<\/p>\n","protected":false},"author":4,"featured_media":6311,"comment_status":"open","ping_status":"open","sticky":false,"template":"","format":"standard","meta":{"footnotes":""},"categories":[24],"tags":[],"class_list":["post-6308","post","type-post","status-publish","format-standard","has-post-thumbnail","hentry","category-espectaculos"],"_links":{"self":[{"href":"https:\/\/distrito.mx\/index.php?rest_route=\/wp\/v2\/posts\/6308","targetHints":{"allow":["GET"]}}],"collection":[{"href":"https:\/\/distrito.mx\/index.php?rest_route=\/wp\/v2\/posts"}],"about":[{"href":"https:\/\/distrito.mx\/index.php?rest_route=\/wp\/v2\/types\/post"}],"author":[{"embeddable":true,"href":"https:\/\/distrito.mx\/index.php?rest_route=\/wp\/v2\/users\/4"}],"replies":[{"embeddable":true,"href":"https:\/\/distrito.mx\/index.php?rest_route=%2Fwp%2Fv2%2Fcomments&post=6308"}],"version-history":[{"count":1,"href":"https:\/\/distrito.mx\/index.php?rest_route=\/wp\/v2\/posts\/6308\/revisions"}],"predecessor-version":[{"id":6312,"href":"https:\/\/distrito.mx\/index.php?rest_route=\/wp\/v2\/posts\/6308\/revisions\/6312"}],"wp:featuredmedia":[{"embeddable":true,"href":"https:\/\/distrito.mx\/index.php?rest_route=\/wp\/v2\/media\/6311"}],"wp:attachment":[{"href":"https:\/\/distrito.mx\/index.php?rest_route=%2Fwp%2Fv2%2Fmedia&parent=6308"}],"wp:term":[{"taxonomy":"category","embeddable":true,"href":"https:\/\/distrito.mx\/index.php?rest_route=%2Fwp%2Fv2%2Fcategories&post=6308"},{"taxonomy":"post_tag","embeddable":true,"href":"https:\/\/distrito.mx\/index.php?rest_route=%2Fwp%2Fv2%2Ftags&post=6308"}],"curies":[{"name":"wp","href":"https:\/\/api.w.org\/{rel}","templated":true}]}}