{"id":6341,"date":"2025-04-10T10:30:26","date_gmt":"2025-04-10T16:30:26","guid":{"rendered":"https:\/\/distrito.mx\/?p=6341"},"modified":"2025-04-10T10:30:50","modified_gmt":"2025-04-10T16:30:50","slug":"costco-cerrara-sus-puertas-el-20-de-abril-por-esta-razon","status":"publish","type":"post","link":"https:\/\/distrito.mx\/?p=6341","title":{"rendered":"Costco cerrar\u00e1 sus puertas el 20 de abril por esta raz\u00f3n"},"content":{"rendered":"\n<p class=\"wp-block-paragraph\">Una publicaci\u00f3n de Costco M\u00e9xico encendi\u00f3 las redes al anunciar el cierre de todas sus tiendas en el pa\u00eds el pr\u00f3ximo domingo 20 de abril, lo que desat\u00f3 rumores y confusi\u00f3n entre sus socios. Pero la realidad es mucho m\u00e1s simple: es solo por un d\u00eda.<\/p>\n\n\n\n<p class=\"wp-block-paragraph\">La cadena aclar\u00f3 que no se trata de ning\u00fan problema o retiro del pa\u00eds, sino que es una medida que se toma cada a\u00f1o para darle descanso a su personal por motivo del Domingo de Pascua, d\u00eda en el que tradicionalmente las tiendas no abren. Eso s\u00ed, durante ese d\u00eda los socios podr\u00e1n seguir comprando por internet.<\/p>\n\n\n\n<p class=\"wp-block-paragraph\">As\u00ed que calma, Costco sigue con todo en M\u00e9xico. El lunes 21 de abril reabren con horario normal en todas las sucursales, como si nada. Eso s\u00ed, si ten\u00edas planes de ir el domingo, mejor reprograma tu visita.<\/p>\n","protected":false},"excerpt":{"rendered":"<p>Una publicaci\u00f3n de Costco M\u00e9xico encendi\u00f3 las redes al anunciar el cierre de todas sus tiendas en el pa\u00eds el pr\u00f3ximo domingo 20 de abril, lo que desat\u00f3 rumores y confusi\u00f3n entre sus socios. Pero la realidad es mucho m\u00e1s simple: es solo por un d\u00eda. La cadena aclar\u00f3 que no se trata de ning\u00fan [&hellip;]<\/p>\n","protected":false},"author":4,"featured_media":6342,"comment_status":"open","ping_status":"open","sticky":false,"template":"","format":"standard","meta":{"footnotes":""},"categories":[22],"tags":[],"class_list":["post-6341","post","type-post","status-publish","format-standard","has-post-thumbnail","hentry","category-nacional"],"_links":{"self":[{"href":"https:\/\/distrito.mx\/index.php?rest_route=\/wp\/v2\/posts\/6341","targetHints":{"allow":["GET"]}}],"collection":[{"href":"https:\/\/distrito.mx\/index.php?rest_route=\/wp\/v2\/posts"}],"about":[{"href":"https:\/\/distrito.mx\/index.php?rest_route=\/wp\/v2\/types\/post"}],"author":[{"embeddable":true,"href":"https:\/\/distrito.mx\/index.php?rest_route=\/wp\/v2\/users\/4"}],"replies":[{"embeddable":true,"href":"https:\/\/distrito.mx\/index.php?rest_route=%2Fwp%2Fv2%2Fcomments&post=6341"}],"version-history":[{"count":1,"href":"https:\/\/distrito.mx\/index.php?rest_route=\/wp\/v2\/posts\/6341\/revisions"}],"predecessor-version":[{"id":6343,"href":"https:\/\/distrito.mx\/index.php?rest_route=\/wp\/v2\/posts\/6341\/revisions\/6343"}],"wp:featuredmedia":[{"embeddable":true,"href":"https:\/\/distrito.mx\/index.php?rest_route=\/wp\/v2\/media\/6342"}],"wp:attachment":[{"href":"https:\/\/distrito.mx\/index.php?rest_route=%2Fwp%2Fv2%2Fmedia&parent=6341"}],"wp:term":[{"taxonomy":"category","embeddable":true,"href":"https:\/\/distrito.mx\/index.php?rest_route=%2Fwp%2Fv2%2Fcategories&post=6341"},{"taxonomy":"post_tag","embeddable":true,"href":"https:\/\/distrito.mx\/index.php?rest_route=%2Fwp%2Fv2%2Ftags&post=6341"}],"curies":[{"name":"wp","href":"https:\/\/api.w.org\/{rel}","templated":true}]}}