{"id":6359,"date":"2025-04-10T11:40:37","date_gmt":"2025-04-10T17:40:37","guid":{"rendered":"https:\/\/distrito.mx\/?p=6359"},"modified":"2025-04-10T11:40:37","modified_gmt":"2025-04-10T17:40:37","slug":"andres-roemer-sera-extraditado-a-mexico-juez-israeli-rechaza-su-apelacion","status":"publish","type":"post","link":"https:\/\/distrito.mx\/?p=6359","title":{"rendered":"Andr\u00e9s Roemer ser\u00e1 extraditado a M\u00e9xico; juez israel\u00ed rechaza su apelaci\u00f3n"},"content":{"rendered":"\n<p class=\"wp-block-paragraph\">Andr\u00e9s Roemer, ex diplom\u00e1tico mexicano, ser\u00e1 extraditado a M\u00e9xico luego de que el Tribunal Superior de Israel rechazara una apelaci\u00f3n en su contra, confirmando su traslado para enfrentar diversas acusaciones por abuso sexual agravado. El juez Yosef Elron de la Corte Suprema afirm\u00f3 que Roemer debe responder ante la justicia mexicana, descartando su argumento de asilo por motivos religiosos. La decisi\u00f3n abre paso a los procesos de retorno tras su detenci\u00f3n en Israel el 1 de octubre de 2023.<\/p>\n\n\n\n<p class=\"wp-block-paragraph\">Roemer enfrenta m\u00faltiples \u00f3rdenes de aprehensi\u00f3n en M\u00e9xico por delitos como violaci\u00f3n y abuso sexual. Las denuncias lo se\u00f1alan por citar a mujeres en su casa con multas laborales, donde presuntamente las agred\u00eda sexualmente. Desde su huida a Israel en 2021, la Interpol emiti\u00f3 una ficha roja para su localizaci\u00f3n, y en abril de 2024, ambos pa\u00edses firmaron un acuerdo para facilitar su extradici\u00f3n, a pesar de no contar con un tratado formal.<\/p>\n\n\n\n<p class=\"wp-block-paragraph\">Nacido en Ciudad de M\u00e9xico, Andr\u00e9s Roemer tuvo una destacada carrera como economista, diplom\u00e1tico y promotor cultural. Estudi\u00f3 en Harvard y Berkeley, y fue c\u00f3nsul en San Francisco y embajador ante la UNESCO. Sin embargo, su trayectoria se vio afectada por el desacato a la postura oficial de M\u00e9xico en votaciones internacionales y, m\u00e1s recientemente, por las m\u00faltiples denuncias en su contra que lo llevar\u00e1n de regreso al pa\u00eds para enfrentar la justicia.<\/p>\n","protected":false},"excerpt":{"rendered":"<p>Andr\u00e9s Roemer, ex diplom\u00e1tico mexicano, ser\u00e1 extraditado a M\u00e9xico luego de que el Tribunal Superior de Israel rechazara una apelaci\u00f3n en su contra, confirmando su traslado para enfrentar diversas acusaciones por abuso sexual agravado. El juez Yosef Elron de la Corte Suprema afirm\u00f3 que Roemer debe responder ante la justicia mexicana, descartando su argumento de [&hellip;]<\/p>\n","protected":false},"author":4,"featured_media":6362,"comment_status":"open","ping_status":"open","sticky":false,"template":"","format":"standard","meta":{"footnotes":""},"categories":[23,22],"tags":[],"class_list":["post-6359","post","type-post","status-publish","format-standard","has-post-thumbnail","hentry","category-internacional","category-nacional"],"_links":{"self":[{"href":"https:\/\/distrito.mx\/index.php?rest_route=\/wp\/v2\/posts\/6359","targetHints":{"allow":["GET"]}}],"collection":[{"href":"https:\/\/distrito.mx\/index.php?rest_route=\/wp\/v2\/posts"}],"about":[{"href":"https:\/\/distrito.mx\/index.php?rest_route=\/wp\/v2\/types\/post"}],"author":[{"embeddable":true,"href":"https:\/\/distrito.mx\/index.php?rest_route=\/wp\/v2\/users\/4"}],"replies":[{"embeddable":true,"href":"https:\/\/distrito.mx\/index.php?rest_route=%2Fwp%2Fv2%2Fcomments&post=6359"}],"version-history":[{"count":1,"href":"https:\/\/distrito.mx\/index.php?rest_route=\/wp\/v2\/posts\/6359\/revisions"}],"predecessor-version":[{"id":6364,"href":"https:\/\/distrito.mx\/index.php?rest_route=\/wp\/v2\/posts\/6359\/revisions\/6364"}],"wp:featuredmedia":[{"embeddable":true,"href":"https:\/\/distrito.mx\/index.php?rest_route=\/wp\/v2\/media\/6362"}],"wp:attachment":[{"href":"https:\/\/distrito.mx\/index.php?rest_route=%2Fwp%2Fv2%2Fmedia&parent=6359"}],"wp:term":[{"taxonomy":"category","embeddable":true,"href":"https:\/\/distrito.mx\/index.php?rest_route=%2Fwp%2Fv2%2Fcategories&post=6359"},{"taxonomy":"post_tag","embeddable":true,"href":"https:\/\/distrito.mx\/index.php?rest_route=%2Fwp%2Fv2%2Ftags&post=6359"}],"curies":[{"name":"wp","href":"https:\/\/api.w.org\/{rel}","templated":true}]}}