{"id":6369,"date":"2025-04-10T11:54:55","date_gmt":"2025-04-10T17:54:55","guid":{"rendered":"https:\/\/distrito.mx\/?p=6369"},"modified":"2025-04-10T11:54:56","modified_gmt":"2025-04-10T17:54:56","slug":"brad-pitt-negocia-una-segunda-temporada-de-adolescencia-tras-el-exito-en-netflix","status":"publish","type":"post","link":"https:\/\/distrito.mx\/?p=6369","title":{"rendered":"Brad Pitt negocia una segunda temporada de \u2018Adolescencia\u2019 tras el \u00e9xito en Netflix"},"content":{"rendered":"\n<p class=\"wp-block-paragraph\">El fen\u00f3meno de Adolescencia en Netflix podr\u00eda continuar. La serie brit\u00e1nica que cautiv\u00f3 a millones de espectadores en todo el mundo est\u00e1 en el radar para una segunda temporada, seg\u00fan confirm\u00f3 el medio especializado Deadline. Detr\u00e1s del proyecto estar\u00eda nada menos que Brad Pitt, a trav\u00e9s de su productora Plan B Entertainment, que ya se encuentra en pl\u00e1ticas preliminares con el equipo creativo original.<\/p>\n\n\n\n<p class=\"wp-block-paragraph\">La primera temporada, estrenada el pasado 13 de marzo, se convirti\u00f3 en un \u00e9xito inmediato, acumulando m\u00e1s de 114 millones de visualizaciones y posicion\u00e1ndose en el cuarto lugar de los programas de habla inglesa m\u00e1s vistos en la plataforma. La serie, protagonizada por Owen Cooper y Stephen Graham, cuenta la historia de un adolescente acusado de un crimen impactante, en medio de una exploraci\u00f3n profunda sobre la masculinidad t\u00f3xica y la violencia juvenil.<\/p>\n\n\n\n<p class=\"wp-block-paragraph\">Los productores de Plan B, Dede Gardner y Jeremy Kleiner, revelaron que est\u00e1n trabajando de cerca con el director Philip Barantini para explorar nuevas formas de continuar la historia sin perder la autenticidad que la caracteriz\u00f3. Aunque no adelantaron detalles concretos, s\u00ed manifestaron su intenci\u00f3n de mantener el enfoque emocional y el estilo visual distintivo que convirti\u00f3 a la serie en una experiencia \u00fanica: episodios grabados en una sola toma.<\/p>\n\n\n\n<p class=\"wp-block-paragraph\">\u201cEstamos pensando en c\u00f3mo ampliar el universo sin alejarnos de su esencia\u201d, se\u00f1al\u00f3 Gardner. Adem\u00e1s, confirmaron que esperan contar nuevamente con Jack Thorne, guionista de la primera temporada, y con Graham, en caso de que la historia lo permita.<\/p>\n\n\n\n<p class=\"wp-block-paragraph\">Aunque Netflix no ha hecho una declaraci\u00f3n oficial al respecto, todo indica que la plataforma ve con buenos ojos la posibilidad de una nueva entrega, considerando la enorme respuesta del p\u00fablico y la cr\u00edtica.<\/p>\n\n\n\n<p class=\"wp-block-paragraph\">Con una narrativa intensa y un enfoque social poderoso, Adolescencia se consolid\u00f3 como una de las producciones m\u00e1s relevantes del a\u00f1o. Su posible regreso promete seguir generando conversaci\u00f3n y cuestionamientos necesarios sobre los desaf\u00edos que enfrentan los j\u00f3venes en la era digital.<\/p>\n","protected":false},"excerpt":{"rendered":"<p>El fen\u00f3meno de Adolescencia en Netflix podr\u00eda continuar. La serie brit\u00e1nica que cautiv\u00f3 a millones de espectadores en todo el mundo est\u00e1 en el radar para una segunda temporada, seg\u00fan confirm\u00f3 el medio especializado Deadline. Detr\u00e1s del proyecto estar\u00eda nada menos que Brad Pitt, a trav\u00e9s de su productora Plan B Entertainment, que ya se [&hellip;]<\/p>\n","protected":false},"author":4,"featured_media":6370,"comment_status":"open","ping_status":"open","sticky":false,"template":"","format":"standard","meta":{"footnotes":""},"categories":[35],"tags":[],"class_list":["post-6369","post","type-post","status-publish","format-standard","has-post-thumbnail","hentry","category-entretenimiento"],"_links":{"self":[{"href":"https:\/\/distrito.mx\/index.php?rest_route=\/wp\/v2\/posts\/6369","targetHints":{"allow":["GET"]}}],"collection":[{"href":"https:\/\/distrito.mx\/index.php?rest_route=\/wp\/v2\/posts"}],"about":[{"href":"https:\/\/distrito.mx\/index.php?rest_route=\/wp\/v2\/types\/post"}],"author":[{"embeddable":true,"href":"https:\/\/distrito.mx\/index.php?rest_route=\/wp\/v2\/users\/4"}],"replies":[{"embeddable":true,"href":"https:\/\/distrito.mx\/index.php?rest_route=%2Fwp%2Fv2%2Fcomments&post=6369"}],"version-history":[{"count":1,"href":"https:\/\/distrito.mx\/index.php?rest_route=\/wp\/v2\/posts\/6369\/revisions"}],"predecessor-version":[{"id":6371,"href":"https:\/\/distrito.mx\/index.php?rest_route=\/wp\/v2\/posts\/6369\/revisions\/6371"}],"wp:featuredmedia":[{"embeddable":true,"href":"https:\/\/distrito.mx\/index.php?rest_route=\/wp\/v2\/media\/6370"}],"wp:attachment":[{"href":"https:\/\/distrito.mx\/index.php?rest_route=%2Fwp%2Fv2%2Fmedia&parent=6369"}],"wp:term":[{"taxonomy":"category","embeddable":true,"href":"https:\/\/distrito.mx\/index.php?rest_route=%2Fwp%2Fv2%2Fcategories&post=6369"},{"taxonomy":"post_tag","embeddable":true,"href":"https:\/\/distrito.mx\/index.php?rest_route=%2Fwp%2Fv2%2Ftags&post=6369"}],"curies":[{"name":"wp","href":"https:\/\/api.w.org\/{rel}","templated":true}]}}