{"id":6375,"date":"2025-04-10T12:14:05","date_gmt":"2025-04-10T18:14:05","guid":{"rendered":"https:\/\/distrito.mx\/?p=6375"},"modified":"2025-04-10T12:14:05","modified_gmt":"2025-04-10T18:14:05","slug":"fallos-judiciales-y-abandono-institucional-liberan-a-joven-con-esquizofrenia-injustamente-detenida","status":"publish","type":"post","link":"https:\/\/distrito.mx\/?p=6375","title":{"rendered":"Fallos judiciales y abandono institucional: liberan a joven con esquizofrenia injustamente detenida"},"content":{"rendered":"\n<p class=\"wp-block-paragraph\">Luego de casi tres a\u00f1os recluida, Karla Fernanda Hern\u00e1ndez, una joven de 21 a\u00f1os con autismo y esquizofrenia, fue absuelta del cargo de asesinato de su madre y su t\u00edo. El juez determin\u00f3 que la Fiscal\u00eda no logr\u00f3 probar su culpabilidad en los hechos ocurridos en agosto de 2022, por lo que orden\u00f3 su liberaci\u00f3n inmediata. Karla estuvo detenida desde entonces en un penal femenino, pese a su delicado estado de salud mental y los intentos de suicidio que sufri\u00f3 durante su estancia.<\/p>\n\n\n\n<p class=\"wp-block-paragraph\">El caso revel\u00f3 graves fallas estructurales en el proceso judicial, como la falta de un peritaje psicol\u00f3gico adecuado, la omisi\u00f3n de antecedentes cl\u00ednicos y la inexistencia de una perspectiva de discapacidad y g\u00e9nero. Diversas organizaciones de derechos humanos denunciaron que Karla fue criminalizada por su condici\u00f3n de salud mental, siendo tratada como una delincuente com\u00fan, sin el acompa\u00f1amiento m\u00e9dico ni psicol\u00f3gico que requer\u00eda.<\/p>\n\n\n\n<p class=\"wp-block-paragraph\">La absoluci\u00f3n representa una victoria parcial para los colectivos que lucharon por su libertad, pero tambi\u00e9n evidencia el da\u00f1o ya hecho por un sistema que no protege a las personas con discapacidad psicosocial. Ahora, Karla ser\u00e1 acompa\u00f1ada por un equipo de especialistas para su reintegraci\u00f3n, mientras activistas exigen justicia, reparaci\u00f3n del da\u00f1o y reformas profundas al sistema penal para evitar que casos como el suyo se repitan.<\/p>\n","protected":false},"excerpt":{"rendered":"<p>Luego de casi tres a\u00f1os recluida, Karla Fernanda Hern\u00e1ndez, una joven de 21 a\u00f1os con autismo y esquizofrenia, fue absuelta del cargo de asesinato de su madre y su t\u00edo. El juez determin\u00f3 que la Fiscal\u00eda no logr\u00f3 probar su culpabilidad en los hechos ocurridos en agosto de 2022, por lo que orden\u00f3 su liberaci\u00f3n [&hellip;]<\/p>\n","protected":false},"author":4,"featured_media":6376,"comment_status":"open","ping_status":"open","sticky":false,"template":"","format":"standard","meta":{"footnotes":""},"categories":[22],"tags":[],"class_list":["post-6375","post","type-post","status-publish","format-standard","has-post-thumbnail","hentry","category-nacional"],"_links":{"self":[{"href":"https:\/\/distrito.mx\/index.php?rest_route=\/wp\/v2\/posts\/6375","targetHints":{"allow":["GET"]}}],"collection":[{"href":"https:\/\/distrito.mx\/index.php?rest_route=\/wp\/v2\/posts"}],"about":[{"href":"https:\/\/distrito.mx\/index.php?rest_route=\/wp\/v2\/types\/post"}],"author":[{"embeddable":true,"href":"https:\/\/distrito.mx\/index.php?rest_route=\/wp\/v2\/users\/4"}],"replies":[{"embeddable":true,"href":"https:\/\/distrito.mx\/index.php?rest_route=%2Fwp%2Fv2%2Fcomments&post=6375"}],"version-history":[{"count":1,"href":"https:\/\/distrito.mx\/index.php?rest_route=\/wp\/v2\/posts\/6375\/revisions"}],"predecessor-version":[{"id":6377,"href":"https:\/\/distrito.mx\/index.php?rest_route=\/wp\/v2\/posts\/6375\/revisions\/6377"}],"wp:featuredmedia":[{"embeddable":true,"href":"https:\/\/distrito.mx\/index.php?rest_route=\/wp\/v2\/media\/6376"}],"wp:attachment":[{"href":"https:\/\/distrito.mx\/index.php?rest_route=%2Fwp%2Fv2%2Fmedia&parent=6375"}],"wp:term":[{"taxonomy":"category","embeddable":true,"href":"https:\/\/distrito.mx\/index.php?rest_route=%2Fwp%2Fv2%2Fcategories&post=6375"},{"taxonomy":"post_tag","embeddable":true,"href":"https:\/\/distrito.mx\/index.php?rest_route=%2Fwp%2Fv2%2Ftags&post=6375"}],"curies":[{"name":"wp","href":"https:\/\/api.w.org\/{rel}","templated":true}]}}