{"id":6381,"date":"2025-04-10T12:55:38","date_gmt":"2025-04-10T18:55:38","guid":{"rendered":"https:\/\/distrito.mx\/?p=6381"},"modified":"2025-04-10T12:55:38","modified_gmt":"2025-04-10T18:55:38","slug":"la-union-europea-suspende-temporalmente-los-aranceles-a-eu","status":"publish","type":"post","link":"https:\/\/distrito.mx\/?p=6381","title":{"rendered":"La Uni\u00f3n Europea suspende temporalmente los aranceles a EU"},"content":{"rendered":"\n<p class=\"wp-block-paragraph\">La Uni\u00f3n Europea ha decidido suspender temporalmente los aranceles impuestos a Estados Unidos por un per\u00edodo de 90 d\u00edas. Esta decisi\u00f3n responde a la reciente modificaci\u00f3n anunciada por el presidente estadounidense, Donald Trump, quien redujo el arancel sobre las importaciones de productos europeos, como acero y aluminio, de un 20% a un 10%.<\/p>\n\n\n\n<p class=\"wp-block-paragraph\">Ursula von der Leyen, presidenta de la Comisi\u00f3n Europea, explic\u00f3 que la suspensi\u00f3n tiene como objetivo brindar espacio para continuar con las negociaciones en curso. &#8216;Durante este per\u00edodo de 90 d\u00edas, suspenderemos las contramedidas mientras finalizamos su implementaci\u00f3n&#8217;, declar\u00f3.<\/p>\n\n\n\n<p class=\"wp-block-paragraph\">A pesar de esta pausa, la guerra comercial entre ambos bloques sigue siendo tensa, ya que Estados Unidos ha incrementado previamente los aranceles a China, y la Uni\u00f3n Europea estaba a punto de aplicar represalias, que habr\u00edan afectado productos como la soja, las motocicletas y varios art\u00edculos de belleza. Si las negociaciones no producen resultados satisfactorios, la UE podr\u00eda reactivar sus medidas arancelarias, comento Von der Leyen en un comunicado.<\/p>\n","protected":false},"excerpt":{"rendered":"<p>La Uni\u00f3n Europea ha decidido suspender temporalmente los aranceles impuestos a Estados Unidos por un per\u00edodo de 90 d\u00edas. Esta decisi\u00f3n responde a la reciente modificaci\u00f3n anunciada por el presidente estadounidense, Donald Trump, quien redujo el arancel sobre las importaciones de productos europeos, como acero y aluminio, de un 20% a un 10%. Ursula von [&hellip;]<\/p>\n","protected":false},"author":2,"featured_media":6385,"comment_status":"open","ping_status":"open","sticky":false,"template":"","format":"standard","meta":{"footnotes":""},"categories":[23],"tags":[],"class_list":["post-6381","post","type-post","status-publish","format-standard","has-post-thumbnail","hentry","category-internacional"],"_links":{"self":[{"href":"https:\/\/distrito.mx\/index.php?rest_route=\/wp\/v2\/posts\/6381","targetHints":{"allow":["GET"]}}],"collection":[{"href":"https:\/\/distrito.mx\/index.php?rest_route=\/wp\/v2\/posts"}],"about":[{"href":"https:\/\/distrito.mx\/index.php?rest_route=\/wp\/v2\/types\/post"}],"author":[{"embeddable":true,"href":"https:\/\/distrito.mx\/index.php?rest_route=\/wp\/v2\/users\/2"}],"replies":[{"embeddable":true,"href":"https:\/\/distrito.mx\/index.php?rest_route=%2Fwp%2Fv2%2Fcomments&post=6381"}],"version-history":[{"count":1,"href":"https:\/\/distrito.mx\/index.php?rest_route=\/wp\/v2\/posts\/6381\/revisions"}],"predecessor-version":[{"id":6386,"href":"https:\/\/distrito.mx\/index.php?rest_route=\/wp\/v2\/posts\/6381\/revisions\/6386"}],"wp:featuredmedia":[{"embeddable":true,"href":"https:\/\/distrito.mx\/index.php?rest_route=\/wp\/v2\/media\/6385"}],"wp:attachment":[{"href":"https:\/\/distrito.mx\/index.php?rest_route=%2Fwp%2Fv2%2Fmedia&parent=6381"}],"wp:term":[{"taxonomy":"category","embeddable":true,"href":"https:\/\/distrito.mx\/index.php?rest_route=%2Fwp%2Fv2%2Fcategories&post=6381"},{"taxonomy":"post_tag","embeddable":true,"href":"https:\/\/distrito.mx\/index.php?rest_route=%2Fwp%2Fv2%2Ftags&post=6381"}],"curies":[{"name":"wp","href":"https:\/\/api.w.org\/{rel}","templated":true}]}}