{"id":6382,"date":"2025-04-10T12:50:29","date_gmt":"2025-04-10T18:50:29","guid":{"rendered":"https:\/\/distrito.mx\/?p=6382"},"modified":"2025-04-10T12:50:29","modified_gmt":"2025-04-10T18:50:29","slug":"musk-bezos-y-zuckerberg-pierden-miles-de-millones-tras-medidas-de-trump","status":"publish","type":"post","link":"https:\/\/distrito.mx\/?p=6382","title":{"rendered":"Musk, Bezos y Zuckerberg pierden miles de millones tras medidas de Trump"},"content":{"rendered":"\n<p class=\"wp-block-paragraph\">La fortuna de tres de los empresarios tecnol\u00f3gicos m\u00e1s poderosos del mundo ha ca\u00eddo dr\u00e1sticamente desde el pasado 2 de abril, d\u00eda que el presidente Donald Trump denomin\u00f3 como el \u201cD\u00eda de la Liberaci\u00f3n\u201d al anunciar nuevos aranceles globales. Seg\u00fan la revista Fortune, Elon Musk, Jeff Bezos y Mark Zuckerberg han perdido en conjunto m\u00e1s de 80 mil millones de d\u00f3lares debido a la ca\u00edda de las acciones tecnol\u00f3gicas.<\/p>\n\n\n\n<p class=\"wp-block-paragraph\">El m\u00e1s afectado ha sido Musk, CEO de Tesla, cuya fortuna se desplom\u00f3 desde los 486 mil millones de d\u00f3lares en diciembre hasta 290 mil millones al 8 de abril, marcando su cifra m\u00e1s baja del a\u00f1o, seg\u00fan el \u00edndice de multimillonarios de Bloomberg.<\/p>\n\n\n\n<p class=\"wp-block-paragraph\">Jeff Bezos, fundador de Amazon, tambi\u00e9n registr\u00f3 una p\u00e9rdida significativa. Su patrimonio pas\u00f3 de 260 mil millones en febrero a 192 mil millones en apenas seis semanas, debido a la ca\u00edda del 30 % en las acciones de Amazon.<\/p>\n\n\n\n<p class=\"wp-block-paragraph\">Mark Zuckerberg no se qued\u00f3 atr\u00e1s. El valor de sus acciones en Meta se redujo un 30 %, lo que recort\u00f3 su fortuna de 259 mil millones a 181 mil millones.<\/p>\n\n\n\n<p class=\"wp-block-paragraph\">Adem\u00e1s del golpe financiero, los tres magnates mantienen v\u00ednculos con el expresidente Trump. Musk ha sido calificado como el \u201cmayor donante pol\u00edtico del pa\u00eds\u201d por The Washington Post, con aportaciones por 288 millones de d\u00f3lares a la campa\u00f1a de Trump. Bezos y Zuckerberg tambi\u00e9n realizaron donaciones a trav\u00e9s de sus compa\u00f1\u00edas.<\/p>\n","protected":false},"excerpt":{"rendered":"<p>La fortuna de tres de los empresarios tecnol\u00f3gicos m\u00e1s poderosos del mundo ha ca\u00eddo dr\u00e1sticamente desde el pasado 2 de abril, d\u00eda que el presidente Donald Trump denomin\u00f3 como el \u201cD\u00eda de la Liberaci\u00f3n\u201d al anunciar nuevos aranceles globales. Seg\u00fan la revista Fortune, Elon Musk, Jeff Bezos y Mark Zuckerberg han perdido en conjunto m\u00e1s [&hellip;]<\/p>\n","protected":false},"author":4,"featured_media":6383,"comment_status":"open","ping_status":"open","sticky":false,"template":"","format":"standard","meta":{"footnotes":""},"categories":[23],"tags":[],"class_list":["post-6382","post","type-post","status-publish","format-standard","has-post-thumbnail","hentry","category-internacional"],"_links":{"self":[{"href":"https:\/\/distrito.mx\/index.php?rest_route=\/wp\/v2\/posts\/6382","targetHints":{"allow":["GET"]}}],"collection":[{"href":"https:\/\/distrito.mx\/index.php?rest_route=\/wp\/v2\/posts"}],"about":[{"href":"https:\/\/distrito.mx\/index.php?rest_route=\/wp\/v2\/types\/post"}],"author":[{"embeddable":true,"href":"https:\/\/distrito.mx\/index.php?rest_route=\/wp\/v2\/users\/4"}],"replies":[{"embeddable":true,"href":"https:\/\/distrito.mx\/index.php?rest_route=%2Fwp%2Fv2%2Fcomments&post=6382"}],"version-history":[{"count":1,"href":"https:\/\/distrito.mx\/index.php?rest_route=\/wp\/v2\/posts\/6382\/revisions"}],"predecessor-version":[{"id":6384,"href":"https:\/\/distrito.mx\/index.php?rest_route=\/wp\/v2\/posts\/6382\/revisions\/6384"}],"wp:featuredmedia":[{"embeddable":true,"href":"https:\/\/distrito.mx\/index.php?rest_route=\/wp\/v2\/media\/6383"}],"wp:attachment":[{"href":"https:\/\/distrito.mx\/index.php?rest_route=%2Fwp%2Fv2%2Fmedia&parent=6382"}],"wp:term":[{"taxonomy":"category","embeddable":true,"href":"https:\/\/distrito.mx\/index.php?rest_route=%2Fwp%2Fv2%2Fcategories&post=6382"},{"taxonomy":"post_tag","embeddable":true,"href":"https:\/\/distrito.mx\/index.php?rest_route=%2Fwp%2Fv2%2Ftags&post=6382"}],"curies":[{"name":"wp","href":"https:\/\/api.w.org\/{rel}","templated":true}]}}