{"id":6393,"date":"2025-04-10T13:56:26","date_gmt":"2025-04-10T19:56:26","guid":{"rendered":"https:\/\/distrito.mx\/?p=6393"},"modified":"2025-04-10T13:56:27","modified_gmt":"2025-04-10T19:56:27","slug":"propone-mc-la-castracion-quimica-para-agresores-sexuales-de-menores","status":"publish","type":"post","link":"https:\/\/distrito.mx\/?p=6393","title":{"rendered":"Propone MC la castraci\u00f3n qu\u00edmica para agresores sexuales de menores"},"content":{"rendered":"\n<p class=\"wp-block-paragraph\">A fin de que se apruebe la castraci\u00f3n qu\u00edmica para los agresores sexuales de menores de edad, los diputados de Movimiento Ciudadano, presentaron una iniciativa de reforma al C\u00f3digo Penal del Estado.<\/p>\n\n\n\n<p class=\"wp-block-paragraph\">El coordinador de esta bancada, Miguel \u00c1. Flores Serna, junto a la diputada Paola Linares, se\u00f1al\u00f3 que el objetivo de esta propuesta es implementar un tratamiento integral de car\u00e1cter farmacol\u00f3gico, psicol\u00f3gico o psiqui\u00e1trico para los agresores sexuales.<\/p>\n\n\n\n<p class=\"wp-block-paragraph\">\u201cLos n\u00fameros reflejan una realidad que no podemos seguir ignorando. Esta iniciativa busca incluir en el C\u00f3digo Penal la castraci\u00f3n qu\u00edmica, una medida que ya ha sido implementada en otros pa\u00edses con resultados positivos en la reducci\u00f3n de delitos sexuales contra menores\u201d, recalc\u00f3.<\/p>\n\n\n\n<p class=\"wp-block-paragraph\">De acuerdo con cifras del Secretariado Ejecutivo del Sistema Nacional de Seguridad P\u00fablica, Flores Serna destac\u00f3 que en los primeros nueve meses de 2024 se registraron m\u00e1s de 64 mil delitos sexuales en M\u00e9xico, por lo que es importante endurecer las penas contra los agresores sexuales de los menores en el estado.<\/p>\n","protected":false},"excerpt":{"rendered":"<p>A fin de que se apruebe la castraci\u00f3n qu\u00edmica para los agresores sexuales de menores de edad, los diputados de Movimiento Ciudadano, presentaron una iniciativa de reforma al C\u00f3digo Penal del Estado. El coordinador de esta bancada, Miguel \u00c1. Flores Serna, junto a la diputada Paola Linares, se\u00f1al\u00f3 que el objetivo de esta propuesta es [&hellip;]<\/p>\n","protected":false},"author":3,"featured_media":6394,"comment_status":"open","ping_status":"open","sticky":false,"template":"","format":"standard","meta":{"footnotes":""},"categories":[33],"tags":[],"class_list":["post-6393","post","type-post","status-publish","format-standard","has-post-thumbnail","hentry","category-nuevoleon"],"_links":{"self":[{"href":"https:\/\/distrito.mx\/index.php?rest_route=\/wp\/v2\/posts\/6393","targetHints":{"allow":["GET"]}}],"collection":[{"href":"https:\/\/distrito.mx\/index.php?rest_route=\/wp\/v2\/posts"}],"about":[{"href":"https:\/\/distrito.mx\/index.php?rest_route=\/wp\/v2\/types\/post"}],"author":[{"embeddable":true,"href":"https:\/\/distrito.mx\/index.php?rest_route=\/wp\/v2\/users\/3"}],"replies":[{"embeddable":true,"href":"https:\/\/distrito.mx\/index.php?rest_route=%2Fwp%2Fv2%2Fcomments&post=6393"}],"version-history":[{"count":1,"href":"https:\/\/distrito.mx\/index.php?rest_route=\/wp\/v2\/posts\/6393\/revisions"}],"predecessor-version":[{"id":6395,"href":"https:\/\/distrito.mx\/index.php?rest_route=\/wp\/v2\/posts\/6393\/revisions\/6395"}],"wp:featuredmedia":[{"embeddable":true,"href":"https:\/\/distrito.mx\/index.php?rest_route=\/wp\/v2\/media\/6394"}],"wp:attachment":[{"href":"https:\/\/distrito.mx\/index.php?rest_route=%2Fwp%2Fv2%2Fmedia&parent=6393"}],"wp:term":[{"taxonomy":"category","embeddable":true,"href":"https:\/\/distrito.mx\/index.php?rest_route=%2Fwp%2Fv2%2Fcategories&post=6393"},{"taxonomy":"post_tag","embeddable":true,"href":"https:\/\/distrito.mx\/index.php?rest_route=%2Fwp%2Fv2%2Ftags&post=6393"}],"curies":[{"name":"wp","href":"https:\/\/api.w.org\/{rel}","templated":true}]}}