{"id":6396,"date":"2025-04-10T13:59:38","date_gmt":"2025-04-10T19:59:38","guid":{"rendered":"https:\/\/distrito.mx\/?p=6396"},"modified":"2025-04-10T13:59:38","modified_gmt":"2025-04-10T19:59:38","slug":"inauguran-en-nuevo-leon-el-primer-espacio-de-maternidad-para-internas-en-mexico","status":"publish","type":"post","link":"https:\/\/distrito.mx\/?p=6396","title":{"rendered":"Inauguran en Nuevo Le\u00f3n el primer Espacio de Maternidad para internas en M\u00e9xico"},"content":{"rendered":"\n<p class=\"wp-block-paragraph\">Mariana Rodr\u00edguez Cant\u00fa, primera dama de Nuevo Le\u00f3n, y Saskia Ni\u00f1o de Rivera, activista y cofundadora de la organizaci\u00f3n Reinserta, inauguraron un nuevo Espacio de Maternidad en el Centro de Reinserci\u00f3n Social Femenil de Escobedo.<\/p>\n\n\n\n<p class=\"wp-block-paragraph\">Este proyecto tiene como objetivo ofrecer un entorno seguro y libre de violencia para las madres privadas de la libertad y sus hijos, permitiendo que las mujeres en reclusi\u00f3n puedan tener una experiencia de maternidad m\u00e1s digna.<\/p>\n\n\n\n<p class=\"wp-block-paragraph\">Mariana Rodr\u00edguez destac\u00f3 que el gobierno de Nuevo Le\u00f3n busca garantizar las mejores condiciones para los ni\u00f1os, mientras que tambi\u00e9n resalta la importancia de brindar un espacio que favorezca el cuidado adecuado de los beb\u00e9s.<\/p>\n\n\n\n<p class=\"wp-block-paragraph\">Adem\u00e1s, Saskia Ni\u00f1o de Rivera subray\u00f3 que este es el primer centro en M\u00e9xico con un \u00e1rea de maternidad separada de la poblaci\u00f3n general, asegurando que ninguna infancia deber\u00eda ser atrapada por las consecuencias del sistema penal.<\/p>\n","protected":false},"excerpt":{"rendered":"<p>Mariana Rodr\u00edguez Cant\u00fa, primera dama de Nuevo Le\u00f3n, y Saskia Ni\u00f1o de Rivera, activista y cofundadora de la organizaci\u00f3n Reinserta, inauguraron un nuevo Espacio de Maternidad en el Centro de Reinserci\u00f3n Social Femenil de Escobedo. Este proyecto tiene como objetivo ofrecer un entorno seguro y libre de violencia para las madres privadas de la libertad [&hellip;]<\/p>\n","protected":false},"author":2,"featured_media":6397,"comment_status":"open","ping_status":"open","sticky":false,"template":"","format":"standard","meta":{"footnotes":""},"categories":[33],"tags":[],"class_list":["post-6396","post","type-post","status-publish","format-standard","has-post-thumbnail","hentry","category-nuevoleon"],"_links":{"self":[{"href":"https:\/\/distrito.mx\/index.php?rest_route=\/wp\/v2\/posts\/6396","targetHints":{"allow":["GET"]}}],"collection":[{"href":"https:\/\/distrito.mx\/index.php?rest_route=\/wp\/v2\/posts"}],"about":[{"href":"https:\/\/distrito.mx\/index.php?rest_route=\/wp\/v2\/types\/post"}],"author":[{"embeddable":true,"href":"https:\/\/distrito.mx\/index.php?rest_route=\/wp\/v2\/users\/2"}],"replies":[{"embeddable":true,"href":"https:\/\/distrito.mx\/index.php?rest_route=%2Fwp%2Fv2%2Fcomments&post=6396"}],"version-history":[{"count":1,"href":"https:\/\/distrito.mx\/index.php?rest_route=\/wp\/v2\/posts\/6396\/revisions"}],"predecessor-version":[{"id":6398,"href":"https:\/\/distrito.mx\/index.php?rest_route=\/wp\/v2\/posts\/6396\/revisions\/6398"}],"wp:featuredmedia":[{"embeddable":true,"href":"https:\/\/distrito.mx\/index.php?rest_route=\/wp\/v2\/media\/6397"}],"wp:attachment":[{"href":"https:\/\/distrito.mx\/index.php?rest_route=%2Fwp%2Fv2%2Fmedia&parent=6396"}],"wp:term":[{"taxonomy":"category","embeddable":true,"href":"https:\/\/distrito.mx\/index.php?rest_route=%2Fwp%2Fv2%2Fcategories&post=6396"},{"taxonomy":"post_tag","embeddable":true,"href":"https:\/\/distrito.mx\/index.php?rest_route=%2Fwp%2Fv2%2Ftags&post=6396"}],"curies":[{"name":"wp","href":"https:\/\/api.w.org\/{rel}","templated":true}]}}