{"id":6399,"date":"2025-04-10T14:20:48","date_gmt":"2025-04-10T20:20:48","guid":{"rendered":"https:\/\/distrito.mx\/?p=6399"},"modified":"2025-04-10T14:20:49","modified_gmt":"2025-04-10T20:20:49","slug":"transforman-en-sendero-seguro-el-acceso-al-parque-canoas","status":"publish","type":"post","link":"https:\/\/distrito.mx\/?p=6399","title":{"rendered":"Transforman en Sendero Seguro el acceso al Parque Canoas"},"content":{"rendered":"\n<p class=\"wp-block-paragraph\">A trav\u00e9s del programa &#8216;Sendero Seguro&#8217;, las autoridades de Monterrey mejoraron el acceso al Parque Canoas, mismo que sirve de entrada para las personas que asisten al Centro de Bienestar y los espacios recreativos.<\/p>\n\n\n\n<p class=\"wp-block-paragraph\">Al respecto, el alcalde Adri\u00e1n de la Garza record\u00f3 que el a\u00f1o pasado se hizo el anuncio de la implementaci\u00f3n de este proyecto, con el cual se busca consolidar y regular la urbanizaci\u00f3n para el desarrollo integral, donde se garantice la movilidad y una vida libre de violencia.<\/p>\n\n\n\n<p class=\"wp-block-paragraph\">&#8220;Funcionarios de la administraci\u00f3n municipal de las Secretar\u00edas de Servicios P\u00fablicos, Seguridad, DIF e Instituto de las Mujeres recorrieron el bajo puente vehicular que brinda acceso al parque y que fue intervenido para convertirlo en un camino iluminado, limpio, que coadyuve a la prevenci\u00f3n de la violencia, principalmente hacia el sector femenino&#8221;, subray\u00f3 el Gobierno de Monterrey.<\/p>\n\n\n\n<p class=\"wp-block-paragraph\">Por su parte, Wendy Cordero, directora general del Instituto de las Mujeres Regias, explic\u00f3 que los vecinos ayudaron a rehabilitar el lugar, ya que, en las condiciones de abandono en que se encontraba, promov\u00eda la sensaci\u00f3n&nbsp;de&nbsp;inseguridad.<\/p>\n\n\n\n<figure class=\"wp-block-image size-full\"><img loading=\"lazy\" decoding=\"async\" width=\"750\" height=\"480\" src=\"https:\/\/distrito.mx\/wp-content\/uploads\/2025\/04\/Marca-de-agua-12.jpg\" alt=\"\" class=\"wp-image-6401\" srcset=\"https:\/\/distrito.mx\/wp-content\/uploads\/2025\/04\/Marca-de-agua-12.jpg 750w, https:\/\/distrito.mx\/wp-content\/uploads\/2025\/04\/Marca-de-agua-12-300x192.jpg 300w, https:\/\/distrito.mx\/wp-content\/uploads\/2025\/04\/Marca-de-agua-12-150x96.jpg 150w, https:\/\/distrito.mx\/wp-content\/uploads\/2025\/04\/Marca-de-agua-12-696x445.jpg 696w\" sizes=\"auto, (max-width: 750px) 100vw, 750px\" \/><\/figure>\n\n\n\n<figure class=\"wp-block-image size-full\"><img loading=\"lazy\" decoding=\"async\" width=\"750\" height=\"480\" src=\"https:\/\/distrito.mx\/wp-content\/uploads\/2025\/04\/Marca-de-agua-1-1.jpg\" alt=\"\" class=\"wp-image-6402\" srcset=\"https:\/\/distrito.mx\/wp-content\/uploads\/2025\/04\/Marca-de-agua-1-1.jpg 750w, https:\/\/distrito.mx\/wp-content\/uploads\/2025\/04\/Marca-de-agua-1-1-300x192.jpg 300w, https:\/\/distrito.mx\/wp-content\/uploads\/2025\/04\/Marca-de-agua-1-1-150x96.jpg 150w, https:\/\/distrito.mx\/wp-content\/uploads\/2025\/04\/Marca-de-agua-1-1-696x445.jpg 696w\" sizes=\"auto, (max-width: 750px) 100vw, 750px\" \/><\/figure>\n\n\n\n<figure class=\"wp-block-image size-full\"><img loading=\"lazy\" decoding=\"async\" width=\"750\" height=\"480\" src=\"https:\/\/distrito.mx\/wp-content\/uploads\/2025\/04\/Marca-de-agua-2-1.jpg\" alt=\"\" class=\"wp-image-6403\" srcset=\"https:\/\/distrito.mx\/wp-content\/uploads\/2025\/04\/Marca-de-agua-2-1.jpg 750w, https:\/\/distrito.mx\/wp-content\/uploads\/2025\/04\/Marca-de-agua-2-1-300x192.jpg 300w, https:\/\/distrito.mx\/wp-content\/uploads\/2025\/04\/Marca-de-agua-2-1-150x96.jpg 150w, https:\/\/distrito.mx\/wp-content\/uploads\/2025\/04\/Marca-de-agua-2-1-696x445.jpg 696w\" sizes=\"auto, (max-width: 750px) 100vw, 750px\" \/><\/figure>\n","protected":false},"excerpt":{"rendered":"<p>A trav\u00e9s del programa &#8216;Sendero Seguro&#8217;, las autoridades de Monterrey mejoraron el acceso al Parque Canoas, mismo que sirve de entrada para las personas que asisten al Centro de Bienestar y los espacios recreativos. Al respecto, el alcalde Adri\u00e1n de la Garza record\u00f3 que el a\u00f1o pasado se hizo el anuncio de la implementaci\u00f3n de [&hellip;]<\/p>\n","protected":false},"author":3,"featured_media":6400,"comment_status":"open","ping_status":"open","sticky":false,"template":"","format":"standard","meta":{"footnotes":""},"categories":[33],"tags":[],"class_list":["post-6399","post","type-post","status-publish","format-standard","has-post-thumbnail","hentry","category-nuevoleon"],"_links":{"self":[{"href":"https:\/\/distrito.mx\/index.php?rest_route=\/wp\/v2\/posts\/6399","targetHints":{"allow":["GET"]}}],"collection":[{"href":"https:\/\/distrito.mx\/index.php?rest_route=\/wp\/v2\/posts"}],"about":[{"href":"https:\/\/distrito.mx\/index.php?rest_route=\/wp\/v2\/types\/post"}],"author":[{"embeddable":true,"href":"https:\/\/distrito.mx\/index.php?rest_route=\/wp\/v2\/users\/3"}],"replies":[{"embeddable":true,"href":"https:\/\/distrito.mx\/index.php?rest_route=%2Fwp%2Fv2%2Fcomments&post=6399"}],"version-history":[{"count":1,"href":"https:\/\/distrito.mx\/index.php?rest_route=\/wp\/v2\/posts\/6399\/revisions"}],"predecessor-version":[{"id":6404,"href":"https:\/\/distrito.mx\/index.php?rest_route=\/wp\/v2\/posts\/6399\/revisions\/6404"}],"wp:featuredmedia":[{"embeddable":true,"href":"https:\/\/distrito.mx\/index.php?rest_route=\/wp\/v2\/media\/6400"}],"wp:attachment":[{"href":"https:\/\/distrito.mx\/index.php?rest_route=%2Fwp%2Fv2%2Fmedia&parent=6399"}],"wp:term":[{"taxonomy":"category","embeddable":true,"href":"https:\/\/distrito.mx\/index.php?rest_route=%2Fwp%2Fv2%2Fcategories&post=6399"},{"taxonomy":"post_tag","embeddable":true,"href":"https:\/\/distrito.mx\/index.php?rest_route=%2Fwp%2Fv2%2Ftags&post=6399"}],"curies":[{"name":"wp","href":"https:\/\/api.w.org\/{rel}","templated":true}]}}