{"id":6433,"date":"2025-04-10T16:55:56","date_gmt":"2025-04-10T22:55:56","guid":{"rendered":"https:\/\/distrito.mx\/?p=6433"},"modified":"2025-04-10T16:55:56","modified_gmt":"2025-04-10T22:55:56","slug":"protestan-contra-aumento-de-tarifas-en-el-metro-y-permiten-entrada-gratuita-en-universidad","status":"publish","type":"post","link":"https:\/\/distrito.mx\/?p=6433","title":{"rendered":"Protestan contra aumento de tarifas en el Metro y permiten entrada gratuita en Universidad"},"content":{"rendered":"\n<p class=\"wp-block-paragraph\">Un grupo de personas pertenecientes al &#8216;Frente de Organizaciones Ciudadanas por la Defensa del Agua en Nuevo Le\u00f3n&#8217; protest\u00f3 el mi\u00e9rcoles en la estaci\u00f3n del Metro Universidad en Monterrey, en rechazo al aumento de las tarifas del transporte p\u00fablico.<\/p>\n\n\n\n<p class=\"wp-block-paragraph\">La protesta comenz\u00f3 a las 18:30 horas, sin bloquear calles ni avenidas, pero con la intenci\u00f3n de expresar el descontento hacia la decisi\u00f3n de la Junta de Gobierno del El Instituto de Movilidad del Estado, que increment\u00f3 el precio del boleto de 15 a 17 pesos.<\/p>\n\n\n\n<p class=\"wp-block-paragraph\">Los manifestantes, reunidos dentro de las instalaciones del Metro, abrieron una de las puertas de acceso para permitir que los usuarios ingresaran de forma gratuita, mientras coreaban frases como parte de sus demandas, se\u00f1alaron que el alza no ha ido acompa\u00f1ada de mejoras en el servicio y consideran que afecta negativamente a los usuarios.<\/p>\n\n\n\n<p class=\"wp-block-paragraph\">La protesta concluy\u00f3 sin mayores incidentes, y los organizadores indicaron que continuar\u00e1n con movilizaciones hasta que se revierta el aumento.<\/p>\n","protected":false},"excerpt":{"rendered":"<p>Un grupo de personas pertenecientes al &#8216;Frente de Organizaciones Ciudadanas por la Defensa del Agua en Nuevo Le\u00f3n&#8217; protest\u00f3 el mi\u00e9rcoles en la estaci\u00f3n del Metro Universidad en Monterrey, en rechazo al aumento de las tarifas del transporte p\u00fablico. La protesta comenz\u00f3 a las 18:30 horas, sin bloquear calles ni avenidas, pero con la intenci\u00f3n [&hellip;]<\/p>\n","protected":false},"author":2,"featured_media":6434,"comment_status":"open","ping_status":"open","sticky":false,"template":"","format":"standard","meta":{"footnotes":""},"categories":[33],"tags":[],"class_list":["post-6433","post","type-post","status-publish","format-standard","has-post-thumbnail","hentry","category-nuevoleon"],"_links":{"self":[{"href":"https:\/\/distrito.mx\/index.php?rest_route=\/wp\/v2\/posts\/6433","targetHints":{"allow":["GET"]}}],"collection":[{"href":"https:\/\/distrito.mx\/index.php?rest_route=\/wp\/v2\/posts"}],"about":[{"href":"https:\/\/distrito.mx\/index.php?rest_route=\/wp\/v2\/types\/post"}],"author":[{"embeddable":true,"href":"https:\/\/distrito.mx\/index.php?rest_route=\/wp\/v2\/users\/2"}],"replies":[{"embeddable":true,"href":"https:\/\/distrito.mx\/index.php?rest_route=%2Fwp%2Fv2%2Fcomments&post=6433"}],"version-history":[{"count":1,"href":"https:\/\/distrito.mx\/index.php?rest_route=\/wp\/v2\/posts\/6433\/revisions"}],"predecessor-version":[{"id":6436,"href":"https:\/\/distrito.mx\/index.php?rest_route=\/wp\/v2\/posts\/6433\/revisions\/6436"}],"wp:featuredmedia":[{"embeddable":true,"href":"https:\/\/distrito.mx\/index.php?rest_route=\/wp\/v2\/media\/6434"}],"wp:attachment":[{"href":"https:\/\/distrito.mx\/index.php?rest_route=%2Fwp%2Fv2%2Fmedia&parent=6433"}],"wp:term":[{"taxonomy":"category","embeddable":true,"href":"https:\/\/distrito.mx\/index.php?rest_route=%2Fwp%2Fv2%2Fcategories&post=6433"},{"taxonomy":"post_tag","embeddable":true,"href":"https:\/\/distrito.mx\/index.php?rest_route=%2Fwp%2Fv2%2Ftags&post=6433"}],"curies":[{"name":"wp","href":"https:\/\/api.w.org\/{rel}","templated":true}]}}