{"id":6435,"date":"2025-04-10T16:56:22","date_gmt":"2025-04-10T22:56:22","guid":{"rendered":"https:\/\/distrito.mx\/?p=6435"},"modified":"2025-04-10T16:56:23","modified_gmt":"2025-04-10T22:56:23","slug":"carlota-la-abuela-de-chalco-va-a-juicio-por-doble-homicidio","status":"publish","type":"post","link":"https:\/\/distrito.mx\/?p=6435","title":{"rendered":"Carlota, la abuela de Chalco, va a juicio por doble homicidio"},"content":{"rendered":"\n<p class=\"wp-block-paragraph\">Este jueves se defini\u00f3 el rumbo legal de Carlota &#8216;N&#8217;, una abuelita de 73 a\u00f1os que se convirti\u00f3 en el centro de atenci\u00f3n luego de que, el pasado 1 de abril, disparara contra dos hombres que presuntamente hab\u00edan invadido su casa en Chalco, Estado de M\u00e9xico. Junto con sus hijos Mariana y Eduardo, fue vinculada a proceso por homicidio calificado y tentativa de homicidio, seg\u00fan lo dict\u00f3 la jueza del penal de Barrientos.<\/p>\n\n\n\n<p class=\"wp-block-paragraph\">La defensa de Carlota argument\u00f3 que su detenci\u00f3n fue arbitraria y que se violaron sus derechos, adem\u00e1s de resaltar que ella solo actu\u00f3 en defensa de su hogar. La jueza, sin embargo, menciono que nadie puede tomar la justicia por su propia mano, y determin\u00f3 que la audiencia continuar\u00e1 para decidir si Carlota podr\u00e1 enfrentar el proceso desde su casa por su edad y su condici\u00f3n de salud, ya que padece diabetes.<\/p>\n\n\n\n<p class=\"wp-block-paragraph\">Mientras tanto, sus hijos seguir\u00e1n en el penal de Chalco. Afuera del juzgado, decenas de vecinos y simpatizantes se manifestaron pidiendo la libertad de la se\u00f1ora Carlota, asegurando que no es una criminal, sino una mujer que simplemente protegi\u00f3 lo suyo.<\/p>\n","protected":false},"excerpt":{"rendered":"<p>Este jueves se defini\u00f3 el rumbo legal de Carlota &#8216;N&#8217;, una abuelita de 73 a\u00f1os que se convirti\u00f3 en el centro de atenci\u00f3n luego de que, el pasado 1 de abril, disparara contra dos hombres que presuntamente hab\u00edan invadido su casa en Chalco, Estado de M\u00e9xico. Junto con sus hijos Mariana y Eduardo, fue vinculada [&hellip;]<\/p>\n","protected":false},"author":4,"featured_media":6437,"comment_status":"open","ping_status":"open","sticky":false,"template":"","format":"standard","meta":{"footnotes":""},"categories":[22],"tags":[],"class_list":["post-6435","post","type-post","status-publish","format-standard","has-post-thumbnail","hentry","category-nacional"],"_links":{"self":[{"href":"https:\/\/distrito.mx\/index.php?rest_route=\/wp\/v2\/posts\/6435","targetHints":{"allow":["GET"]}}],"collection":[{"href":"https:\/\/distrito.mx\/index.php?rest_route=\/wp\/v2\/posts"}],"about":[{"href":"https:\/\/distrito.mx\/index.php?rest_route=\/wp\/v2\/types\/post"}],"author":[{"embeddable":true,"href":"https:\/\/distrito.mx\/index.php?rest_route=\/wp\/v2\/users\/4"}],"replies":[{"embeddable":true,"href":"https:\/\/distrito.mx\/index.php?rest_route=%2Fwp%2Fv2%2Fcomments&post=6435"}],"version-history":[{"count":1,"href":"https:\/\/distrito.mx\/index.php?rest_route=\/wp\/v2\/posts\/6435\/revisions"}],"predecessor-version":[{"id":6438,"href":"https:\/\/distrito.mx\/index.php?rest_route=\/wp\/v2\/posts\/6435\/revisions\/6438"}],"wp:featuredmedia":[{"embeddable":true,"href":"https:\/\/distrito.mx\/index.php?rest_route=\/wp\/v2\/media\/6437"}],"wp:attachment":[{"href":"https:\/\/distrito.mx\/index.php?rest_route=%2Fwp%2Fv2%2Fmedia&parent=6435"}],"wp:term":[{"taxonomy":"category","embeddable":true,"href":"https:\/\/distrito.mx\/index.php?rest_route=%2Fwp%2Fv2%2Fcategories&post=6435"},{"taxonomy":"post_tag","embeddable":true,"href":"https:\/\/distrito.mx\/index.php?rest_route=%2Fwp%2Fv2%2Ftags&post=6435"}],"curies":[{"name":"wp","href":"https:\/\/api.w.org\/{rel}","templated":true}]}}