{"id":6446,"date":"2025-04-10T18:02:00","date_gmt":"2025-04-11T00:02:00","guid":{"rendered":"https:\/\/distrito.mx\/?p=6446"},"modified":"2025-04-14T16:33:02","modified_gmt":"2025-04-14T22:33:02","slug":"tragedia-en-el-hudson-helicoptero-cae-con-familia-espanola-a-bordo","status":"publish","type":"post","link":"https:\/\/distrito.mx\/?p=6446","title":{"rendered":"Tragedia en el Hudson: Helic\u00f3ptero cae con familia espa\u00f1ola a bordo"},"content":{"rendered":"\n<p class=\"wp-block-paragraph\">Lo que comenz\u00f3 como un paseo tur\u00edstico termin\u00f3 en tragedia: un helic\u00f3ptero con seis personas, incluidos tres ni\u00f1os, se desplom\u00f3 este jueves en el r\u00edo Hudson, justo a la altura de West Side Highway y Spring Street, en Nueva York. El accidente ocurri\u00f3 alrededor de las 3:15 de la tarde, movilizando a cuerpos de rescate y generando caos en la zona.<\/p>\n\n\n\n<p class=\"wp-block-paragraph\">Entre las v\u00edctimas se encontraba una familia de origen espa\u00f1ol, compuesta por dos adultos y tres menores, adem\u00e1s del piloto. Aunque en un inicio se desconoc\u00eda el n\u00famero de fallecidos, autoridades locales confirmaron m\u00e1s tarde que nadie sobrevivi\u00f3. El alcalde Eric Adams calific\u00f3 el hecho como un accidente devastador para la ciudad.<\/p>\n\n\n\n<p class=\"wp-block-paragraph\">La zona fue acordonada por elementos del NYPD y los servicios de emergencia, quienes trabajaron durante horas en las labores de rescate y recuperaci\u00f3n. Mientras tanto, se mantiene activa una investigaci\u00f3n para determinar qu\u00e9 provoc\u00f3 la ca\u00edda del helic\u00f3ptero en medio del r\u00edo.<\/p>\n","protected":false},"excerpt":{"rendered":"<p>Lo que comenz\u00f3 como un paseo tur\u00edstico termin\u00f3 en tragedia: un helic\u00f3ptero con seis personas, incluidos tres ni\u00f1os, se desplom\u00f3 este jueves en el r\u00edo Hudson, justo a la altura de West Side Highway y Spring Street, en Nueva York. El accidente ocurri\u00f3 alrededor de las 3:15 de la tarde, movilizando a cuerpos de rescate [&hellip;]<\/p>\n","protected":false},"author":4,"featured_media":6447,"comment_status":"open","ping_status":"open","sticky":false,"template":"","format":"standard","meta":{"footnotes":""},"categories":[23],"tags":[],"class_list":["post-6446","post","type-post","status-publish","format-standard","has-post-thumbnail","hentry","category-internacional"],"_links":{"self":[{"href":"https:\/\/distrito.mx\/index.php?rest_route=\/wp\/v2\/posts\/6446","targetHints":{"allow":["GET"]}}],"collection":[{"href":"https:\/\/distrito.mx\/index.php?rest_route=\/wp\/v2\/posts"}],"about":[{"href":"https:\/\/distrito.mx\/index.php?rest_route=\/wp\/v2\/types\/post"}],"author":[{"embeddable":true,"href":"https:\/\/distrito.mx\/index.php?rest_route=\/wp\/v2\/users\/4"}],"replies":[{"embeddable":true,"href":"https:\/\/distrito.mx\/index.php?rest_route=%2Fwp%2Fv2%2Fcomments&post=6446"}],"version-history":[{"count":1,"href":"https:\/\/distrito.mx\/index.php?rest_route=\/wp\/v2\/posts\/6446\/revisions"}],"predecessor-version":[{"id":6448,"href":"https:\/\/distrito.mx\/index.php?rest_route=\/wp\/v2\/posts\/6446\/revisions\/6448"}],"wp:featuredmedia":[{"embeddable":true,"href":"https:\/\/distrito.mx\/index.php?rest_route=\/wp\/v2\/media\/6447"}],"wp:attachment":[{"href":"https:\/\/distrito.mx\/index.php?rest_route=%2Fwp%2Fv2%2Fmedia&parent=6446"}],"wp:term":[{"taxonomy":"category","embeddable":true,"href":"https:\/\/distrito.mx\/index.php?rest_route=%2Fwp%2Fv2%2Fcategories&post=6446"},{"taxonomy":"post_tag","embeddable":true,"href":"https:\/\/distrito.mx\/index.php?rest_route=%2Fwp%2Fv2%2Ftags&post=6446"}],"curies":[{"name":"wp","href":"https:\/\/api.w.org\/{rel}","templated":true}]}}