{"id":6449,"date":"2025-04-11T09:44:31","date_gmt":"2025-04-11T15:44:31","guid":{"rendered":"https:\/\/distrito.mx\/?p=6449"},"modified":"2025-04-11T09:44:31","modified_gmt":"2025-04-11T15:44:31","slug":"detalles-sobre-el-funeral-de-memo-del-bosque-sera-homenajeado-en-su-pais-natal","status":"publish","type":"post","link":"https:\/\/distrito.mx\/?p=6449","title":{"rendered":"Detalles sobre el funeral de Memo del Bosque: \u00bfSer\u00e1 homenajeado en su pa\u00eds natal?"},"content":{"rendered":"\n<p class=\"wp-block-paragraph\">A dos d\u00edas de la muerte de Guillermo &#8216;Memo&#8217; del Bosque, se han dado a conocer algunos detalles sobre su funeral. El productor de televisi\u00f3n, creador de Telehit, ser\u00e1 despedido en una ceremonia que se llevar\u00e1 a cabo en Brownsville, Texas, ciudad donde falleci\u00f3. Seg\u00fan el conductor \u00c1lex Kaffie, las ceremonias se realizar\u00e1n este s\u00e1bado, aunque a\u00fan no ha habido un comunicado oficial de la familia.<\/p>\n\n\n\n<p class=\"wp-block-paragraph\">Con esta decisi\u00f3n, los restos de Memo no ser\u00e1n trasladados a M\u00e9xico, por lo que no se celebrar\u00e1 un homenaje p\u00f3stumo en su pa\u00eds natal. Adem\u00e1s, se desconoce si ser\u00e1 cremado o enterrado, ya que los familiares a\u00fan no han confirmado estos detalles.<\/p>\n\n\n\n<p class=\"wp-block-paragraph\">En medio del dolor, se ha propuesto la creaci\u00f3n de un espacio virtual para que amigos y colegas puedan despedirse de Memo, especialmente aquellos que no podr\u00e1n asistir a la ceremonia. Este gesto fue sugerido por \u00c1lex Kaffie a Vica Andrade, quien, hasta el momento, no ha respondido p\u00fablicamente a su petici\u00f3n.<\/p>\n","protected":false},"excerpt":{"rendered":"<p>A dos d\u00edas de la muerte de Guillermo &#8216;Memo&#8217; del Bosque, se han dado a conocer algunos detalles sobre su funeral. El productor de televisi\u00f3n, creador de Telehit, ser\u00e1 despedido en una ceremonia que se llevar\u00e1 a cabo en Brownsville, Texas, ciudad donde falleci\u00f3. Seg\u00fan el conductor \u00c1lex Kaffie, las ceremonias se realizar\u00e1n este s\u00e1bado, [&hellip;]<\/p>\n","protected":false},"author":2,"featured_media":6450,"comment_status":"open","ping_status":"open","sticky":false,"template":"","format":"standard","meta":{"footnotes":""},"categories":[24],"tags":[],"class_list":["post-6449","post","type-post","status-publish","format-standard","has-post-thumbnail","hentry","category-espectaculos"],"_links":{"self":[{"href":"https:\/\/distrito.mx\/index.php?rest_route=\/wp\/v2\/posts\/6449","targetHints":{"allow":["GET"]}}],"collection":[{"href":"https:\/\/distrito.mx\/index.php?rest_route=\/wp\/v2\/posts"}],"about":[{"href":"https:\/\/distrito.mx\/index.php?rest_route=\/wp\/v2\/types\/post"}],"author":[{"embeddable":true,"href":"https:\/\/distrito.mx\/index.php?rest_route=\/wp\/v2\/users\/2"}],"replies":[{"embeddable":true,"href":"https:\/\/distrito.mx\/index.php?rest_route=%2Fwp%2Fv2%2Fcomments&post=6449"}],"version-history":[{"count":1,"href":"https:\/\/distrito.mx\/index.php?rest_route=\/wp\/v2\/posts\/6449\/revisions"}],"predecessor-version":[{"id":6451,"href":"https:\/\/distrito.mx\/index.php?rest_route=\/wp\/v2\/posts\/6449\/revisions\/6451"}],"wp:featuredmedia":[{"embeddable":true,"href":"https:\/\/distrito.mx\/index.php?rest_route=\/wp\/v2\/media\/6450"}],"wp:attachment":[{"href":"https:\/\/distrito.mx\/index.php?rest_route=%2Fwp%2Fv2%2Fmedia&parent=6449"}],"wp:term":[{"taxonomy":"category","embeddable":true,"href":"https:\/\/distrito.mx\/index.php?rest_route=%2Fwp%2Fv2%2Fcategories&post=6449"},{"taxonomy":"post_tag","embeddable":true,"href":"https:\/\/distrito.mx\/index.php?rest_route=%2Fwp%2Fv2%2Ftags&post=6449"}],"curies":[{"name":"wp","href":"https:\/\/api.w.org\/{rel}","templated":true}]}}