{"id":7867,"date":"2025-05-16T21:30:00","date_gmt":"2025-05-17T03:30:00","guid":{"rendered":"https:\/\/distrito.mx\/?p=7867"},"modified":"2025-05-16T17:07:51","modified_gmt":"2025-05-16T23:07:51","slug":"corea-del-sur-pide-apoyo-a-mexico-ante-aranceles-de-eu","status":"publish","type":"post","link":"https:\/\/distrito.mx\/?p=7867","title":{"rendered":"Corea del Sur pide apoyo a M\u00e9xico ante aranceles de EU"},"content":{"rendered":"\n<p class=\"wp-block-paragraph\">Corea del Sur solicit\u00f3 el apoyo del gobierno mexicano para enfrentar las medidas arancelarias impuestas por Estados Unidos, las cuales podr\u00edan perjudicar a las compa\u00f1\u00edas surcoreanas que operan en M\u00e9xico.<\/p>\n\n\n\n<p class=\"wp-block-paragraph\">La solicitud se present\u00f3 durante un encuentro bilateral entre funcionarios de ambos pa\u00edses en el marco del Foro de Cooperaci\u00f3n Econ\u00f3mica Asia-Pac\u00edfico (APEC), celebrado en la isla de Jeju. Cheong In-kyo, jefe negociador surcoreano, expuso la preocupaci\u00f3n de su pa\u00eds ante los posibles impactos econ\u00f3micos que enfrentar\u00edan compa\u00f1\u00edas de sectores clave como el automotriz, autopartes y sider\u00fargico.<\/p>\n\n\n\n<p class=\"wp-block-paragraph\">Firmas como Kia, Hyundai, POSCO y Hanwha, que operan en M\u00e9xico, estar\u00edan entre las m\u00e1s vulnerables. Hyundai ya muestra las consecuencias de esta situaci\u00f3n al decidir trasladar parte de la producci\u00f3n de su modelo Tucson, que se hac\u00eda en Nuevo Le\u00f3n, a una planta en Alabama, Estados Unidos.<\/p>\n\n\n\n<p class=\"wp-block-paragraph\">Ante este panorama, el subsecretario de Comercio Exterior mexicano, Luis Guti\u00e9rrez, manifest\u00f3 la disposici\u00f3n de M\u00e9xico para proteger las inversiones extranjeras y reafirm\u00f3 el compromiso del pa\u00eds con la industria.<\/p>\n\n\n\n<p class=\"wp-block-paragraph\">Adem\u00e1s, ambas delegaciones coincidieron en la necesidad de reactivar las negociaciones para concretar un tratado de libre comercio entre M\u00e9xico y Corea del Sur, proceso que permanece detenido desde hace tiempo.<\/p>\n","protected":false},"excerpt":{"rendered":"<p>Corea del Sur solicit\u00f3 el apoyo del gobierno mexicano para enfrentar las medidas arancelarias impuestas por Estados Unidos, las cuales podr\u00edan perjudicar a las compa\u00f1\u00edas surcoreanas que operan en M\u00e9xico. La solicitud se present\u00f3 durante un encuentro bilateral entre funcionarios de ambos pa\u00edses en el marco del Foro de Cooperaci\u00f3n Econ\u00f3mica Asia-Pac\u00edfico (APEC), celebrado en [&hellip;]<\/p>\n","protected":false},"author":2,"featured_media":7868,"comment_status":"open","ping_status":"open","sticky":false,"template":"","format":"standard","meta":{"footnotes":""},"categories":[23],"tags":[],"class_list":["post-7867","post","type-post","status-publish","format-standard","has-post-thumbnail","hentry","category-internacional"],"_links":{"self":[{"href":"https:\/\/distrito.mx\/index.php?rest_route=\/wp\/v2\/posts\/7867","targetHints":{"allow":["GET"]}}],"collection":[{"href":"https:\/\/distrito.mx\/index.php?rest_route=\/wp\/v2\/posts"}],"about":[{"href":"https:\/\/distrito.mx\/index.php?rest_route=\/wp\/v2\/types\/post"}],"author":[{"embeddable":true,"href":"https:\/\/distrito.mx\/index.php?rest_route=\/wp\/v2\/users\/2"}],"replies":[{"embeddable":true,"href":"https:\/\/distrito.mx\/index.php?rest_route=%2Fwp%2Fv2%2Fcomments&post=7867"}],"version-history":[{"count":1,"href":"https:\/\/distrito.mx\/index.php?rest_route=\/wp\/v2\/posts\/7867\/revisions"}],"predecessor-version":[{"id":7869,"href":"https:\/\/distrito.mx\/index.php?rest_route=\/wp\/v2\/posts\/7867\/revisions\/7869"}],"wp:featuredmedia":[{"embeddable":true,"href":"https:\/\/distrito.mx\/index.php?rest_route=\/wp\/v2\/media\/7868"}],"wp:attachment":[{"href":"https:\/\/distrito.mx\/index.php?rest_route=%2Fwp%2Fv2%2Fmedia&parent=7867"}],"wp:term":[{"taxonomy":"category","embeddable":true,"href":"https:\/\/distrito.mx\/index.php?rest_route=%2Fwp%2Fv2%2Fcategories&post=7867"},{"taxonomy":"post_tag","embeddable":true,"href":"https:\/\/distrito.mx\/index.php?rest_route=%2Fwp%2Fv2%2Ftags&post=7867"}],"curies":[{"name":"wp","href":"https:\/\/api.w.org\/{rel}","templated":true}]}}