{"id":7874,"date":"2025-05-19T10:11:03","date_gmt":"2025-05-19T16:11:03","guid":{"rendered":"https:\/\/distrito.mx\/?p=7874"},"modified":"2025-05-19T10:11:04","modified_gmt":"2025-05-19T16:11:04","slug":"donald-trump-reacciona-al-diagnostico-de-cancer-de-joe-biden-y-le-desea-pronta-recuperacion","status":"publish","type":"post","link":"https:\/\/distrito.mx\/?p=7874","title":{"rendered":"Donald Trump reacciona al diagn\u00f3stico de c\u00e1ncer de Joe Biden y le desea pronta recuperaci\u00f3n"},"content":{"rendered":"\n<p class=\"wp-block-paragraph\">El expresidente de Estados Unidos Joe Biden fue diagnosticado con una forma agresiva de c\u00e1ncer de pr\u00f3stata que ya se ha extendido a los huesos, seg\u00fan confirm\u00f3 su oficina el domingo. La noticia provoc\u00f3 diversas reacciones en el \u00e1mbito pol\u00edtico, y una de las m\u00e1s destacadas fue la del actual presidente Donald Trump, quien dej\u00f3 de lado los enfrentamientos del pasado para enviar un mensaje de apoyo a trav\u00e9s de su red social.<\/p>\n\n\n\n<p class=\"wp-block-paragraph\">Aunque el c\u00e1ncer que padece Joe Biden se encuentra en una etapa avanzada y de alto riesgo, especialistas han se\u00f1alado que a\u00fan puede ser tratado con enfoques como la terapia hormonal y la quimioterapia. El exmandatario, de 82 a\u00f1os, permanece en su residencia en Delaware acompa\u00f1ado por su familia, mientras eval\u00faan junto a su equipo m\u00e9dico las opciones disponibles.<\/p>\n\n\n\n<p class=\"wp-block-paragraph\">La situaci\u00f3n sanitaria de Joe Biden se presenta en un contexto pol\u00edtico tenso, tras su retiro de la contienda presidencial de 2024 y meses de especulaci\u00f3n sobre su salud. A pesar de las diferencias ideol\u00f3gicas, Donald Trump expres\u00f3 p\u00fablicamente su solidaridad, lamentando el diagn\u00f3stico y enviando, junto con su esposa Melania, sus mejores deseos para una pronta y exitosa recuperaci\u00f3n.<\/p>\n","protected":false},"excerpt":{"rendered":"<p>El expresidente de Estados Unidos Joe Biden fue diagnosticado con una forma agresiva de c\u00e1ncer de pr\u00f3stata que ya se ha extendido a los huesos, seg\u00fan confirm\u00f3 su oficina el domingo. La noticia provoc\u00f3 diversas reacciones en el \u00e1mbito pol\u00edtico, y una de las m\u00e1s destacadas fue la del actual presidente Donald Trump, quien dej\u00f3 [&hellip;]<\/p>\n","protected":false},"author":2,"featured_media":7875,"comment_status":"open","ping_status":"open","sticky":false,"template":"","format":"standard","meta":{"footnotes":""},"categories":[23],"tags":[],"class_list":["post-7874","post","type-post","status-publish","format-standard","has-post-thumbnail","hentry","category-internacional"],"_links":{"self":[{"href":"https:\/\/distrito.mx\/index.php?rest_route=\/wp\/v2\/posts\/7874","targetHints":{"allow":["GET"]}}],"collection":[{"href":"https:\/\/distrito.mx\/index.php?rest_route=\/wp\/v2\/posts"}],"about":[{"href":"https:\/\/distrito.mx\/index.php?rest_route=\/wp\/v2\/types\/post"}],"author":[{"embeddable":true,"href":"https:\/\/distrito.mx\/index.php?rest_route=\/wp\/v2\/users\/2"}],"replies":[{"embeddable":true,"href":"https:\/\/distrito.mx\/index.php?rest_route=%2Fwp%2Fv2%2Fcomments&post=7874"}],"version-history":[{"count":1,"href":"https:\/\/distrito.mx\/index.php?rest_route=\/wp\/v2\/posts\/7874\/revisions"}],"predecessor-version":[{"id":7876,"href":"https:\/\/distrito.mx\/index.php?rest_route=\/wp\/v2\/posts\/7874\/revisions\/7876"}],"wp:featuredmedia":[{"embeddable":true,"href":"https:\/\/distrito.mx\/index.php?rest_route=\/wp\/v2\/media\/7875"}],"wp:attachment":[{"href":"https:\/\/distrito.mx\/index.php?rest_route=%2Fwp%2Fv2%2Fmedia&parent=7874"}],"wp:term":[{"taxonomy":"category","embeddable":true,"href":"https:\/\/distrito.mx\/index.php?rest_route=%2Fwp%2Fv2%2Fcategories&post=7874"},{"taxonomy":"post_tag","embeddable":true,"href":"https:\/\/distrito.mx\/index.php?rest_route=%2Fwp%2Fv2%2Ftags&post=7874"}],"curies":[{"name":"wp","href":"https:\/\/api.w.org\/{rel}","templated":true}]}}