{"id":7883,"date":"2025-05-19T15:30:00","date_gmt":"2025-05-19T21:30:00","guid":{"rendered":"https:\/\/distrito.mx\/?p=7883"},"modified":"2025-05-19T12:08:35","modified_gmt":"2025-05-19T18:08:35","slug":"conductor-del-metro-se-despide-tras-31-anos-de-servicio-con-emotivo-mensaje","status":"publish","type":"post","link":"https:\/\/distrito.mx\/?p=7883","title":{"rendered":"Conductor del Metro se despide tras 31 a\u00f1os de servicio con emotivo mensaje"},"content":{"rendered":"\n<p class=\"wp-block-paragraph\">Tras m\u00e1s de 30 a\u00f1os de servicio en el Sistema de Transporte Colectivo Metrorrey, Catarino Hinojosa Casta\u00f1eda puso fin a su carrera como conductor, enviando un mensaje emotivo y agradecido que conmovi\u00f3 a usuarios y colegas. El viernes 16 de mayo realiz\u00f3 su \u00faltimo viaje a bordo de un tren del Metro de Monterrey, marcando el cierre de una etapa importante en su vida laboral.<\/p>\n\n\n\n<p class=\"wp-block-paragraph\">Durante su trayectoria, Catarino trabaj\u00f3 incansablemente los 365 d\u00edas del a\u00f1o, cumpliendo con responsabilidad su funci\u00f3n de llevar a miles de pasajeros a sus destinos de forma segura.<br>Su voz se convirti\u00f3 en parte del trayecto cotidiano para muchos regiomontanos, acompa\u00f1ando con indicaciones, avisos y un trato siempre respetuoso y amable.<\/p>\n\n\n\n<p class=\"wp-block-paragraph\">En su \u00faltima vuelta al mando del tren, adem\u00e1s de informar como de costumbre las estaciones y las conexiones con el sistema Transmetro, comparti\u00f3 con los usuarios un emotivo mensaje en el que expres\u00f3 que, tras m\u00e1s de 31 a\u00f1os de servicio continuo, llegaba el momento de cerrar su ciclo laboral.<\/p>\n\n\n\n<p class=\"wp-block-paragraph\">Habl\u00f3 de su agradecimiento por haber superado momentos buenos y dif\u00edciles, y mencion\u00f3 que ese recorrido ser\u00eda el \u00faltimo como parte del sistema de transporte. Su mensaje final fue recibido con aplausos y muestras de afecto tanto de los pasajeros como del personal de Metrorrey.<\/p>\n\n\n\n<p class=\"wp-block-paragraph\">Al llegar al final del recorrido, Catarino descendi\u00f3 del vag\u00f3n y fue recibido con abrazos, agradecimientos y palabras de reconocimiento por su entrega y compromiso. Su retiro representa el fin de una trayectoria destacada en el sistema de transporte, dejando un recuerdo significativo entre quienes lo acompa\u00f1aron diariamente en su labor dentro del Metro.<\/p>\n","protected":false},"excerpt":{"rendered":"<p>Tras m\u00e1s de 30 a\u00f1os de servicio en el Sistema de Transporte Colectivo Metrorrey, Catarino Hinojosa Casta\u00f1eda puso fin a su carrera como conductor, enviando un mensaje emotivo y agradecido que conmovi\u00f3 a usuarios y colegas. El viernes 16 de mayo realiz\u00f3 su \u00faltimo viaje a bordo de un tren del Metro de Monterrey, marcando [&hellip;]<\/p>\n","protected":false},"author":2,"featured_media":7884,"comment_status":"open","ping_status":"open","sticky":false,"template":"","format":"standard","meta":{"footnotes":""},"categories":[33],"tags":[],"class_list":["post-7883","post","type-post","status-publish","format-standard","has-post-thumbnail","hentry","category-nuevoleon"],"_links":{"self":[{"href":"https:\/\/distrito.mx\/index.php?rest_route=\/wp\/v2\/posts\/7883","targetHints":{"allow":["GET"]}}],"collection":[{"href":"https:\/\/distrito.mx\/index.php?rest_route=\/wp\/v2\/posts"}],"about":[{"href":"https:\/\/distrito.mx\/index.php?rest_route=\/wp\/v2\/types\/post"}],"author":[{"embeddable":true,"href":"https:\/\/distrito.mx\/index.php?rest_route=\/wp\/v2\/users\/2"}],"replies":[{"embeddable":true,"href":"https:\/\/distrito.mx\/index.php?rest_route=%2Fwp%2Fv2%2Fcomments&post=7883"}],"version-history":[{"count":1,"href":"https:\/\/distrito.mx\/index.php?rest_route=\/wp\/v2\/posts\/7883\/revisions"}],"predecessor-version":[{"id":7885,"href":"https:\/\/distrito.mx\/index.php?rest_route=\/wp\/v2\/posts\/7883\/revisions\/7885"}],"wp:featuredmedia":[{"embeddable":true,"href":"https:\/\/distrito.mx\/index.php?rest_route=\/wp\/v2\/media\/7884"}],"wp:attachment":[{"href":"https:\/\/distrito.mx\/index.php?rest_route=%2Fwp%2Fv2%2Fmedia&parent=7883"}],"wp:term":[{"taxonomy":"category","embeddable":true,"href":"https:\/\/distrito.mx\/index.php?rest_route=%2Fwp%2Fv2%2Fcategories&post=7883"},{"taxonomy":"post_tag","embeddable":true,"href":"https:\/\/distrito.mx\/index.php?rest_route=%2Fwp%2Fv2%2Ftags&post=7883"}],"curies":[{"name":"wp","href":"https:\/\/api.w.org\/{rel}","templated":true}]}}