{"id":7890,"date":"2025-05-19T19:30:00","date_gmt":"2025-05-20T01:30:00","guid":{"rendered":"https:\/\/distrito.mx\/?p=7890"},"modified":"2025-05-19T16:48:26","modified_gmt":"2025-05-19T22:48:26","slug":"pedro-sola-critica-declaraciones-del-papa-leon-xiv-sobre-la-familia-y-la-comunidad-lgbt","status":"publish","type":"post","link":"https:\/\/distrito.mx\/?p=7890","title":{"rendered":"Pedro Sola critica declaraciones del Papa Le\u00f3n XIV sobre la familia y la comunidad LGBT+"},"content":{"rendered":"\n<p class=\"wp-block-paragraph\">Las recientes declaraciones del Papa Le\u00f3n XIV sobre la estructura familiar y su postura frente a temas sociales han generado reacciones, especialmente entre figuras p\u00fablicas como Pedro Sola. El pont\u00edfice, primer Papa originario de Estados Unidos y con nacionalidad peruana, comparti\u00f3 sus opiniones el 16 de mayo durante una reuni\u00f3n con el cuerpo diplom\u00e1tico del Vaticano, en v\u00edsperas del D\u00eda Internacional contra la Homofobia, la Transfobia y la Bifobia.<\/p>\n\n\n\n<p class=\"wp-block-paragraph\">Durante su discurso, reiter\u00f3 su rechazo al aborto y defendi\u00f3 la idea de que la familia se basa exclusivamente en la uni\u00f3n estable entre un hombre y una mujer, sin hacer menci\u00f3n a familias conformadas por personas del mismo sexo.<\/p>\n\n\n\n<p class=\"wp-block-paragraph\">La cantante Kany Garc\u00eda no tard\u00f3 en expresar su opini\u00f3n, desaprobando la visi\u00f3n del Papa y defendiendo la validez de su hogar junto a su esposa. Pedro Sola respald\u00f3 su postura al compartir una captura de la publicaci\u00f3n, sum\u00e1ndose a las cr\u00edticas y manifestando su desacuerdo, al considerar que este tipo de posturas excluyen e invisibilizan a la comunidad LGBT+. Desde su perspectiva, estos planteamientos representan un retroceso por parte de la Iglesia Cat\u00f3lica y pueden generar sentimientos de culpa entre quienes no encajan en su visi\u00f3n tradicional de familia.<\/p>\n\n\n\n<p class=\"wp-block-paragraph\">Como en otras ocasiones, los comentarios del tambi\u00e9n economista generaron opiniones divididas entre sus seguidores. Anteriormente, Pedro Sola ha sido objeto de pol\u00e9mica por sus cr\u00edticas a las Pensiones del Bienestar, sus declaraciones sobre maternidad \u2014cuando pidi\u00f3 a las mujeres dejar de tener hijos\u2014 y por opinar sobre temas de moda, como su cr\u00edtica a un outfit de Lenia Batres.<\/p>\n\n\n\n<p class=\"wp-block-paragraph\">No es la primera ocasi\u00f3n en que Pedro Sola habla sobre el nuevo l\u00edder de la Iglesia Cat\u00f3lica, Robert Francis Prevost. Tras su elecci\u00f3n el pasado 8 de mayo, celebr\u00f3 su llegada durante una emisi\u00f3n de Ventaneando, aunque con un enfoque m\u00e1s pr\u00e1ctico que religioso, se\u00f1alando que la cobertura papal ya no interferir\u00eda con el tiempo del programa.<\/p>\n","protected":false},"excerpt":{"rendered":"<p>Las recientes declaraciones del Papa Le\u00f3n XIV sobre la estructura familiar y su postura frente a temas sociales han generado reacciones, especialmente entre figuras p\u00fablicas como Pedro Sola. El pont\u00edfice, primer Papa originario de Estados Unidos y con nacionalidad peruana, comparti\u00f3 sus opiniones el 16 de mayo durante una reuni\u00f3n con el cuerpo diplom\u00e1tico del [&hellip;]<\/p>\n","protected":false},"author":2,"featured_media":7891,"comment_status":"open","ping_status":"open","sticky":false,"template":"","format":"standard","meta":{"footnotes":""},"categories":[36],"tags":[],"class_list":["post-7890","post","type-post","status-publish","format-standard","has-post-thumbnail","hentry","category-famosos"],"_links":{"self":[{"href":"https:\/\/distrito.mx\/index.php?rest_route=\/wp\/v2\/posts\/7890","targetHints":{"allow":["GET"]}}],"collection":[{"href":"https:\/\/distrito.mx\/index.php?rest_route=\/wp\/v2\/posts"}],"about":[{"href":"https:\/\/distrito.mx\/index.php?rest_route=\/wp\/v2\/types\/post"}],"author":[{"embeddable":true,"href":"https:\/\/distrito.mx\/index.php?rest_route=\/wp\/v2\/users\/2"}],"replies":[{"embeddable":true,"href":"https:\/\/distrito.mx\/index.php?rest_route=%2Fwp%2Fv2%2Fcomments&post=7890"}],"version-history":[{"count":1,"href":"https:\/\/distrito.mx\/index.php?rest_route=\/wp\/v2\/posts\/7890\/revisions"}],"predecessor-version":[{"id":7892,"href":"https:\/\/distrito.mx\/index.php?rest_route=\/wp\/v2\/posts\/7890\/revisions\/7892"}],"wp:featuredmedia":[{"embeddable":true,"href":"https:\/\/distrito.mx\/index.php?rest_route=\/wp\/v2\/media\/7891"}],"wp:attachment":[{"href":"https:\/\/distrito.mx\/index.php?rest_route=%2Fwp%2Fv2%2Fmedia&parent=7890"}],"wp:term":[{"taxonomy":"category","embeddable":true,"href":"https:\/\/distrito.mx\/index.php?rest_route=%2Fwp%2Fv2%2Fcategories&post=7890"},{"taxonomy":"post_tag","embeddable":true,"href":"https:\/\/distrito.mx\/index.php?rest_route=%2Fwp%2Fv2%2Ftags&post=7890"}],"curies":[{"name":"wp","href":"https:\/\/api.w.org\/{rel}","templated":true}]}}