{"id":7899,"date":"2025-05-20T09:42:52","date_gmt":"2025-05-20T15:42:52","guid":{"rendered":"https:\/\/distrito.mx\/?p=7899"},"modified":"2025-05-20T09:42:52","modified_gmt":"2025-05-20T15:42:52","slug":"bruno-de-7-anos-se-reune-con-su-madre-tras-meses-desaparecido-en-lomas-de-chapultepec","status":"publish","type":"post","link":"https:\/\/distrito.mx\/?p=7899","title":{"rendered":"Bruno, de 7 a\u00f1os, se re\u00fane con su madre tras meses desaparecido en Lomas de Chapultepec"},"content":{"rendered":"\n<p class=\"wp-block-paragraph\">Despu\u00e9s de cinco meses de b\u00fasqueda, el menor Bruno Larios, de 7 a\u00f1os, fue localizado con vida, seg\u00fan confirm\u00f3 la Fiscal\u00eda General de Justicia de la Ciudad de M\u00e9xico. El ni\u00f1o hab\u00eda desaparecido el 13 de diciembre de 2024, mientras se encontraba con su padre en la colonia Lomas de Chapultepec Primera Secci\u00f3n, al poniente de la capital. Desde el inicio, la madre del menor, Iris Flores , se\u00f1al\u00f3 a su expareja como responsable de la desaparici\u00f3n.<\/p>\n\n\n\n<p class=\"wp-block-paragraph\">Adem\u00e1s de reportar el caso ante las autoridades, hizo p\u00fablica una serie de denuncias en redes sociales, donde expuso un historial de violencia dom\u00e9stica y afirm\u00f3 que, pese a contar con la custodia provisional del ni\u00f1o, no hab\u00eda podido verlo desde el incidente. En los meses siguientes, asegur\u00f3 que el menor permanec\u00eda en un lugar desconocido, sin acceso a actividades escolares o recreativas, e incluso denunci\u00f3 que el padre habr\u00eda cambiado de domicilio para evitar notificaciones legales.<\/p>\n\n\n\n<p class=\"wp-block-paragraph\">Aunque no se han dado a conocer los detalles sobre c\u00f3mo fue localizado Bruno ni el estado en que se encontraba al momento del hallazgo, la Fiscal\u00eda inform\u00f3 que ya se encuentra con su madre. La localizaci\u00f3n del menor representa un giro en el caso, que ha estado marcado por tensiones familiares, acusaciones legales y una fuerte exposici\u00f3n medi\u00e1tica. Las investigaciones sobre las circunstancias de su desaparici\u00f3n y la posible responsabilidad del padre contin\u00faan en curso.<\/p>\n","protected":false},"excerpt":{"rendered":"<p>Despu\u00e9s de cinco meses de b\u00fasqueda, el menor Bruno Larios, de 7 a\u00f1os, fue localizado con vida, seg\u00fan confirm\u00f3 la Fiscal\u00eda General de Justicia de la Ciudad de M\u00e9xico. El ni\u00f1o hab\u00eda desaparecido el 13 de diciembre de 2024, mientras se encontraba con su padre en la colonia Lomas de Chapultepec Primera Secci\u00f3n, al poniente [&hellip;]<\/p>\n","protected":false},"author":2,"featured_media":7900,"comment_status":"open","ping_status":"open","sticky":false,"template":"","format":"standard","meta":{"footnotes":""},"categories":[27],"tags":[],"class_list":["post-7899","post","type-post","status-publish","format-standard","has-post-thumbnail","hentry","category-estados"],"_links":{"self":[{"href":"https:\/\/distrito.mx\/index.php?rest_route=\/wp\/v2\/posts\/7899","targetHints":{"allow":["GET"]}}],"collection":[{"href":"https:\/\/distrito.mx\/index.php?rest_route=\/wp\/v2\/posts"}],"about":[{"href":"https:\/\/distrito.mx\/index.php?rest_route=\/wp\/v2\/types\/post"}],"author":[{"embeddable":true,"href":"https:\/\/distrito.mx\/index.php?rest_route=\/wp\/v2\/users\/2"}],"replies":[{"embeddable":true,"href":"https:\/\/distrito.mx\/index.php?rest_route=%2Fwp%2Fv2%2Fcomments&post=7899"}],"version-history":[{"count":1,"href":"https:\/\/distrito.mx\/index.php?rest_route=\/wp\/v2\/posts\/7899\/revisions"}],"predecessor-version":[{"id":7901,"href":"https:\/\/distrito.mx\/index.php?rest_route=\/wp\/v2\/posts\/7899\/revisions\/7901"}],"wp:featuredmedia":[{"embeddable":true,"href":"https:\/\/distrito.mx\/index.php?rest_route=\/wp\/v2\/media\/7900"}],"wp:attachment":[{"href":"https:\/\/distrito.mx\/index.php?rest_route=%2Fwp%2Fv2%2Fmedia&parent=7899"}],"wp:term":[{"taxonomy":"category","embeddable":true,"href":"https:\/\/distrito.mx\/index.php?rest_route=%2Fwp%2Fv2%2Fcategories&post=7899"},{"taxonomy":"post_tag","embeddable":true,"href":"https:\/\/distrito.mx\/index.php?rest_route=%2Fwp%2Fv2%2Ftags&post=7899"}],"curies":[{"name":"wp","href":"https:\/\/api.w.org\/{rel}","templated":true}]}}