{"id":7902,"date":"2025-05-20T11:30:00","date_gmt":"2025-05-20T17:30:00","guid":{"rendered":"https:\/\/distrito.mx\/?p=7902"},"modified":"2025-05-20T10:29:53","modified_gmt":"2025-05-20T16:29:53","slug":"barbara-de-regil-comparte-dificil-experiencia-de-su-infancia","status":"publish","type":"post","link":"https:\/\/distrito.mx\/?p=7902","title":{"rendered":"B\u00e1rbara de Regil comparte dif\u00edcil experiencia de su infancia"},"content":{"rendered":"\n<p class=\"wp-block-paragraph\">La actriz B\u00e1rbara de Regil comparti\u00f3 recientemente uno de los momentos m\u00e1s dif\u00edciles de su vida, al hablar p\u00fablicamente sobre un abuso sexual que sufri\u00f3 cuando ten\u00eda 12 a\u00f1os. La revelaci\u00f3n ocurri\u00f3 durante su participaci\u00f3n en un programa, donde explic\u00f3 que su intenci\u00f3n no era generar morbo, sino brindar apoyo a otras mujeres que pudieran estar atravesando situaciones similares.<\/p>\n\n\n\n<p class=\"wp-block-paragraph\">El abuso ocurri\u00f3 en un contexto complicado: mientras su madre enfrentaba una dura batalla contra el c\u00e1ncer, B\u00e1rbara viv\u00eda con su padre, quien lidiaba con adicciones que le imped\u00edan hacerse cargo de ella. Durante esa etapa de vulnerabilidad, fue agredida por una persona cercana al entorno familiar, identificada posteriormente como el jardinero de su casa, lo que marc\u00f3 un antes y un despu\u00e9s en su vida.<\/p>\n\n\n\n<p class=\"wp-block-paragraph\">Al compartir su experiencia, la actriz enfatiz\u00f3 que su objetivo es inspirar a quienes han pasado por algo parecido para que busquen ayuda, trabajen en su recuperaci\u00f3n y descubran que es posible salir adelante. Reconoci\u00f3 el papel fundamental que ha jugado su entorno actual, en especial su esposo y su hija, en su proceso de sanaci\u00f3n emocional.<\/p>\n","protected":false},"excerpt":{"rendered":"<p>La actriz B\u00e1rbara de Regil comparti\u00f3 recientemente uno de los momentos m\u00e1s dif\u00edciles de su vida, al hablar p\u00fablicamente sobre un abuso sexual que sufri\u00f3 cuando ten\u00eda 12 a\u00f1os. La revelaci\u00f3n ocurri\u00f3 durante su participaci\u00f3n en un programa, donde explic\u00f3 que su intenci\u00f3n no era generar morbo, sino brindar apoyo a otras mujeres que pudieran [&hellip;]<\/p>\n","protected":false},"author":2,"featured_media":7903,"comment_status":"open","ping_status":"open","sticky":false,"template":"","format":"standard","meta":{"footnotes":""},"categories":[24],"tags":[],"class_list":["post-7902","post","type-post","status-publish","format-standard","has-post-thumbnail","hentry","category-espectaculos"],"_links":{"self":[{"href":"https:\/\/distrito.mx\/index.php?rest_route=\/wp\/v2\/posts\/7902","targetHints":{"allow":["GET"]}}],"collection":[{"href":"https:\/\/distrito.mx\/index.php?rest_route=\/wp\/v2\/posts"}],"about":[{"href":"https:\/\/distrito.mx\/index.php?rest_route=\/wp\/v2\/types\/post"}],"author":[{"embeddable":true,"href":"https:\/\/distrito.mx\/index.php?rest_route=\/wp\/v2\/users\/2"}],"replies":[{"embeddable":true,"href":"https:\/\/distrito.mx\/index.php?rest_route=%2Fwp%2Fv2%2Fcomments&post=7902"}],"version-history":[{"count":1,"href":"https:\/\/distrito.mx\/index.php?rest_route=\/wp\/v2\/posts\/7902\/revisions"}],"predecessor-version":[{"id":7904,"href":"https:\/\/distrito.mx\/index.php?rest_route=\/wp\/v2\/posts\/7902\/revisions\/7904"}],"wp:featuredmedia":[{"embeddable":true,"href":"https:\/\/distrito.mx\/index.php?rest_route=\/wp\/v2\/media\/7903"}],"wp:attachment":[{"href":"https:\/\/distrito.mx\/index.php?rest_route=%2Fwp%2Fv2%2Fmedia&parent=7902"}],"wp:term":[{"taxonomy":"category","embeddable":true,"href":"https:\/\/distrito.mx\/index.php?rest_route=%2Fwp%2Fv2%2Fcategories&post=7902"},{"taxonomy":"post_tag","embeddable":true,"href":"https:\/\/distrito.mx\/index.php?rest_route=%2Fwp%2Fv2%2Ftags&post=7902"}],"curies":[{"name":"wp","href":"https:\/\/api.w.org\/{rel}","templated":true}]}}