{"id":7924,"date":"2025-05-21T10:04:52","date_gmt":"2025-05-21T16:04:52","guid":{"rendered":"https:\/\/distrito.mx\/?p=7924"},"modified":"2025-05-21T10:04:52","modified_gmt":"2025-05-21T16:04:52","slug":"adrian-de-la-garza-no-descarta-buscar-la-gubernatura-pero-mantiene-el-enfoque-en-monterrey","status":"publish","type":"post","link":"https:\/\/distrito.mx\/?p=7924","title":{"rendered":"Adri\u00e1n de la Garza no descarta buscar la gubernatura, pero mantiene el enfoque en Monterrey"},"content":{"rendered":"\n<p class=\"wp-block-paragraph\">Aunque el alcalde de Monterrey, Adri\u00e1n de la Garza, mantiene su atenci\u00f3n en las tareas del municipio, no cierra la puerta a una posible candidatura a la gubernatura de Nuevo Le\u00f3n en 2027.<\/p>\n\n\n\n<p class=\"wp-block-paragraph\">L\u00edderes del PRI y el PAN han se\u00f1alado a su figura como uno de los principales candidatos dentro de una posible alianza entre ambos partidos. La confirmaci\u00f3n de esta alianza ha vuelto a colocar a Adri\u00e1n De la Garza en el centro de las especulaciones pol\u00edticas.<\/p>\n\n\n\n<p class=\"wp-block-paragraph\">Sin embargo, el edil ha reiterado que por ahora su prioridad es cumplir con los compromisos adquiridos con la ciudadan\u00eda regiomontana y atender las problem\u00e1ticas de la capital del estado. Aunque agradece a quienes lo consideran para gobernar Nuevo Le\u00f3n, su enfoque est\u00e1 centrado en su labor como alcalde y en resolver los retos actuales de Monterrey.<\/p>\n\n\n\n<p class=\"wp-block-paragraph\">En 2021, Adri\u00e1n de la Garza particip\u00f3 en la contienda por la gubernatura, resultando vencedor el actual gobernador, Samuel Garc\u00eda. Su experiencia como funcionario p\u00fablico, especialmente en la gesti\u00f3n de seguridad durante periodos cr\u00edticos, ha mantenido su relevancia como figura pol\u00edtica para futuros procesos electorales.<\/p>\n","protected":false},"excerpt":{"rendered":"<p>Aunque el alcalde de Monterrey, Adri\u00e1n de la Garza, mantiene su atenci\u00f3n en las tareas del municipio, no cierra la puerta a una posible candidatura a la gubernatura de Nuevo Le\u00f3n en 2027. L\u00edderes del PRI y el PAN han se\u00f1alado a su figura como uno de los principales candidatos dentro de una posible alianza [&hellip;]<\/p>\n","protected":false},"author":2,"featured_media":7925,"comment_status":"open","ping_status":"open","sticky":false,"template":"","format":"standard","meta":{"footnotes":""},"categories":[33],"tags":[],"class_list":["post-7924","post","type-post","status-publish","format-standard","has-post-thumbnail","hentry","category-nuevoleon"],"_links":{"self":[{"href":"https:\/\/distrito.mx\/index.php?rest_route=\/wp\/v2\/posts\/7924","targetHints":{"allow":["GET"]}}],"collection":[{"href":"https:\/\/distrito.mx\/index.php?rest_route=\/wp\/v2\/posts"}],"about":[{"href":"https:\/\/distrito.mx\/index.php?rest_route=\/wp\/v2\/types\/post"}],"author":[{"embeddable":true,"href":"https:\/\/distrito.mx\/index.php?rest_route=\/wp\/v2\/users\/2"}],"replies":[{"embeddable":true,"href":"https:\/\/distrito.mx\/index.php?rest_route=%2Fwp%2Fv2%2Fcomments&post=7924"}],"version-history":[{"count":1,"href":"https:\/\/distrito.mx\/index.php?rest_route=\/wp\/v2\/posts\/7924\/revisions"}],"predecessor-version":[{"id":7926,"href":"https:\/\/distrito.mx\/index.php?rest_route=\/wp\/v2\/posts\/7924\/revisions\/7926"}],"wp:featuredmedia":[{"embeddable":true,"href":"https:\/\/distrito.mx\/index.php?rest_route=\/wp\/v2\/media\/7925"}],"wp:attachment":[{"href":"https:\/\/distrito.mx\/index.php?rest_route=%2Fwp%2Fv2%2Fmedia&parent=7924"}],"wp:term":[{"taxonomy":"category","embeddable":true,"href":"https:\/\/distrito.mx\/index.php?rest_route=%2Fwp%2Fv2%2Fcategories&post=7924"},{"taxonomy":"post_tag","embeddable":true,"href":"https:\/\/distrito.mx\/index.php?rest_route=%2Fwp%2Fv2%2Ftags&post=7924"}],"curies":[{"name":"wp","href":"https:\/\/api.w.org\/{rel}","templated":true}]}}