{"id":7944,"date":"2025-05-21T21:30:00","date_gmt":"2025-05-22T03:30:00","guid":{"rendered":"https:\/\/distrito.mx\/?p=7944"},"modified":"2025-05-21T17:05:40","modified_gmt":"2025-05-21T23:05:40","slug":"intento-de-asalto-a-menores-desata-golpiza-vecinal-en-tlaquepaque","status":"publish","type":"post","link":"https:\/\/distrito.mx\/?p=7944","title":{"rendered":"Intento de asalto a menores desata golpiza vecinal en Tlaquepaque"},"content":{"rendered":"\n<p class=\"wp-block-paragraph\">Un hombre sufri\u00f3 varias lesiones tras intentar robar a dos menores en la colonia La Duraznera, ubicada en San Pedro Tlaquepaque, Jalisco. El hecho ocurri\u00f3 la noche del 19 de mayo, cuando dos sujetos a bordo de una motocicleta intentaron despojar de sus pertenencias a los adolescentes en la v\u00eda p\u00fablica.<\/p>\n\n\n\n<p class=\"wp-block-paragraph\">La pronta reacci\u00f3n de los vecinos evit\u00f3 que el robo contra los menores se llevara a cabo. Al percatarse del intento, los habitantes de la zona enfrentaron a los presuntos delincuentes. Uno logr\u00f3 escapar, pero el otro fue alcanzado, golpeado por un grupo de personas y finalmente atado a un poste como forma de escarmiento.<\/p>\n\n\n\n<p class=\"wp-block-paragraph\">El hombre, con lesiones visibles y una fractura en la pierna, fue atendido por param\u00e9dicos de la Cruz Verde, aunque inicialmente no pudieron acercarse debido a la resistencia de los vecinos. La polic\u00eda municipal acudi\u00f3 para liberar al sujeto, quien fue trasladado para recibir atenci\u00f3n m\u00e9dica. <\/p>\n\n\n\n<p class=\"wp-block-paragraph\">El caso qued\u00f3 en manos de las autoridades correspondientes, mientras los vecinos denunciaron que este tipo de hechos se han vuelto frecuentes en la zona.<\/p>\n","protected":false},"excerpt":{"rendered":"<p>Un hombre sufri\u00f3 varias lesiones tras intentar robar a dos menores en la colonia La Duraznera, ubicada en San Pedro Tlaquepaque, Jalisco. El hecho ocurri\u00f3 la noche del 19 de mayo, cuando dos sujetos a bordo de una motocicleta intentaron despojar de sus pertenencias a los adolescentes en la v\u00eda p\u00fablica. La pronta reacci\u00f3n de [&hellip;]<\/p>\n","protected":false},"author":2,"featured_media":7945,"comment_status":"open","ping_status":"open","sticky":false,"template":"","format":"standard","meta":{"footnotes":""},"categories":[27],"tags":[],"class_list":["post-7944","post","type-post","status-publish","format-standard","has-post-thumbnail","hentry","category-estados"],"_links":{"self":[{"href":"https:\/\/distrito.mx\/index.php?rest_route=\/wp\/v2\/posts\/7944","targetHints":{"allow":["GET"]}}],"collection":[{"href":"https:\/\/distrito.mx\/index.php?rest_route=\/wp\/v2\/posts"}],"about":[{"href":"https:\/\/distrito.mx\/index.php?rest_route=\/wp\/v2\/types\/post"}],"author":[{"embeddable":true,"href":"https:\/\/distrito.mx\/index.php?rest_route=\/wp\/v2\/users\/2"}],"replies":[{"embeddable":true,"href":"https:\/\/distrito.mx\/index.php?rest_route=%2Fwp%2Fv2%2Fcomments&post=7944"}],"version-history":[{"count":1,"href":"https:\/\/distrito.mx\/index.php?rest_route=\/wp\/v2\/posts\/7944\/revisions"}],"predecessor-version":[{"id":7946,"href":"https:\/\/distrito.mx\/index.php?rest_route=\/wp\/v2\/posts\/7944\/revisions\/7946"}],"wp:featuredmedia":[{"embeddable":true,"href":"https:\/\/distrito.mx\/index.php?rest_route=\/wp\/v2\/media\/7945"}],"wp:attachment":[{"href":"https:\/\/distrito.mx\/index.php?rest_route=%2Fwp%2Fv2%2Fmedia&parent=7944"}],"wp:term":[{"taxonomy":"category","embeddable":true,"href":"https:\/\/distrito.mx\/index.php?rest_route=%2Fwp%2Fv2%2Fcategories&post=7944"},{"taxonomy":"post_tag","embeddable":true,"href":"https:\/\/distrito.mx\/index.php?rest_route=%2Fwp%2Fv2%2Ftags&post=7944"}],"curies":[{"name":"wp","href":"https:\/\/api.w.org\/{rel}","templated":true}]}}