{"id":7958,"date":"2025-05-22T11:59:12","date_gmt":"2025-05-22T17:59:12","guid":{"rendered":"https:\/\/distrito.mx\/?p=7958"},"modified":"2025-05-22T11:59:13","modified_gmt":"2025-05-22T17:59:13","slug":"se-va-una-leyenda-luka-modric-dice-adios-al-real-madrid-tras-13-anos-de-magia","status":"publish","type":"post","link":"https:\/\/distrito.mx\/?p=7958","title":{"rendered":"Se va una leyenda: Luka Modric dice adi\u00f3s al Real Madrid tras 13 a\u00f1os de magia"},"content":{"rendered":"\n<p class=\"wp-block-paragraph\">Luka Modric, la leyenda del mediocampo merengue durante m\u00e1s de una d\u00e9cada, ha anunciado su salida del Real Madrid. A los 39 a\u00f1os, y tras 13 temporadas llenas de t\u00edtulos, el croata se despide oficialmente en el partido frente a la Real Sociedad. El club decidi\u00f3 no renovar su contrato, apostando por una nueva generaci\u00f3n en el mediocampo. A pesar de su deseo de quedarse un a\u00f1o m\u00e1s, el Mundial de Clubes ser\u00e1 su \u00faltima aventura con la camiseta blanca.<\/p>\n\n\n\n<p class=\"wp-block-paragraph\">La salida de Modric no pasar\u00e1 desapercibida. El Bernab\u00e9u prepara una gran despedida para uno de los futbolistas m\u00e1s queridos por la afici\u00f3n, quien compartir\u00e1 ese emotivo adi\u00f3s con el t\u00e9cnico Carlo Ancelotti. Aunque ya no entra en los planes deportivos, nadie olvida que Luka fue el alma del equipo en los partidos m\u00e1s grandes, demostrando que el talento no tiene fecha de caducidad.<\/p>\n\n\n\n<p class=\"wp-block-paragraph\">Con sus seis Champions League, un Bal\u00f3n de Oro y una carrera llena de grandes momentos, Modric se marcha como una verdadera leyenda del club. Desde 2012 fue clave en la \u00e9poca dorada del Madrid, y su legado vivir\u00e1 por siempre entre los grandes de la historia blanca. Se va un genio\u2026 pero queda la leyenda.<\/p>\n","protected":false},"excerpt":{"rendered":"<p>Luka Modric, la leyenda del mediocampo merengue durante m\u00e1s de una d\u00e9cada, ha anunciado su salida del Real Madrid. A los 39 a\u00f1os, y tras 13 temporadas llenas de t\u00edtulos, el croata se despide oficialmente en el partido frente a la Real Sociedad. El club decidi\u00f3 no renovar su contrato, apostando por una nueva generaci\u00f3n [&hellip;]<\/p>\n","protected":false},"author":4,"featured_media":7959,"comment_status":"open","ping_status":"open","sticky":false,"template":"","format":"standard","meta":{"footnotes":""},"categories":[29],"tags":[],"class_list":["post-7958","post","type-post","status-publish","format-standard","has-post-thumbnail","hentry","category-deportes"],"_links":{"self":[{"href":"https:\/\/distrito.mx\/index.php?rest_route=\/wp\/v2\/posts\/7958","targetHints":{"allow":["GET"]}}],"collection":[{"href":"https:\/\/distrito.mx\/index.php?rest_route=\/wp\/v2\/posts"}],"about":[{"href":"https:\/\/distrito.mx\/index.php?rest_route=\/wp\/v2\/types\/post"}],"author":[{"embeddable":true,"href":"https:\/\/distrito.mx\/index.php?rest_route=\/wp\/v2\/users\/4"}],"replies":[{"embeddable":true,"href":"https:\/\/distrito.mx\/index.php?rest_route=%2Fwp%2Fv2%2Fcomments&post=7958"}],"version-history":[{"count":1,"href":"https:\/\/distrito.mx\/index.php?rest_route=\/wp\/v2\/posts\/7958\/revisions"}],"predecessor-version":[{"id":7960,"href":"https:\/\/distrito.mx\/index.php?rest_route=\/wp\/v2\/posts\/7958\/revisions\/7960"}],"wp:featuredmedia":[{"embeddable":true,"href":"https:\/\/distrito.mx\/index.php?rest_route=\/wp\/v2\/media\/7959"}],"wp:attachment":[{"href":"https:\/\/distrito.mx\/index.php?rest_route=%2Fwp%2Fv2%2Fmedia&parent=7958"}],"wp:term":[{"taxonomy":"category","embeddable":true,"href":"https:\/\/distrito.mx\/index.php?rest_route=%2Fwp%2Fv2%2Fcategories&post=7958"},{"taxonomy":"post_tag","embeddable":true,"href":"https:\/\/distrito.mx\/index.php?rest_route=%2Fwp%2Fv2%2Ftags&post=7958"}],"curies":[{"name":"wp","href":"https:\/\/api.w.org\/{rel}","templated":true}]}}