{"id":7973,"date":"2025-05-22T19:30:00","date_gmt":"2025-05-23T01:30:00","guid":{"rendered":"https:\/\/distrito.mx\/?p=7973"},"modified":"2025-05-22T17:22:38","modified_gmt":"2025-05-22T23:22:38","slug":"albaniles-hallan-cuerpo-decapitado-dentro-de-casa-en-construccion","status":"publish","type":"post","link":"https:\/\/distrito.mx\/?p=7973","title":{"rendered":"Alba\u00f1iles hallan cuerpo decapitado dentro de casa en construcci\u00f3n"},"content":{"rendered":"\n<p class=\"wp-block-paragraph\">Autoridades se movilizaron intensamente la ma\u00f1ana de este jueves en el municipio de El Carmen, luego de que se reportara el hallazgo del cuerpo sin cabeza de un hombre al interior de una casa en construcci\u00f3n, en el sector Valle del Jaral. El descubrimiento fue realizado alrededor de las 9:30 horas por trabajadores de la obra que realizaban los \u00faltimos acabados en el fraccionamiento, el cual a\u00fan no est\u00e1 habitado y se encuentra en fase final de edificaci\u00f3n.<\/p>\n\n\n\n<p class=\"wp-block-paragraph\">Al descubrir el cuerpo en el suelo de una de las habitaciones, los alba\u00f1iles alertaron de inmediato a las autoridades. Elementos de la polic\u00eda municipal y de la Agencia Estatal de Investigaciones se movilizaron al sitio para asegurar el \u00e1rea y realizar las diligencias correspondientes. Personal pericial del Instituto de Criminal\u00edstica y Servicios Periciales llev\u00f3 a cabo el levantamiento de evidencias para avanzar en las indagatorias.<\/p>\n\n\n\n<p class=\"wp-block-paragraph\">El fraccionamiento Valle del Jaral contin\u00faa sin residentes, lo que facilit\u00f3 que el cuerpo permaneciera oculto sin ser detectado durante un tiempo. Hasta el momento, no se ha identificado a la v\u00edctima, y se descart\u00f3 que se trate de alguno de los trabajadores presentes en la obra, pues ninguno la reconoci\u00f3 o report\u00f3 como desaparecido.<\/p>\n\n\n\n<p class=\"wp-block-paragraph\">El cuerpo fue trasladado al Servicio M\u00e9dico Forense para que se realicen los estudios necesarios que permitan determinar la causa de la muerte y aportar datos que ayuden a esclarecer la identidad del hombre y el contexto del homicidio. La Fiscal\u00eda Especializada en Homicidios mantiene abierta la investigaci\u00f3n y explora varias l\u00edneas, incluyendo la posibilidad de que el crimen est\u00e9 vinculado a actividades delictivas ajenas a la construcci\u00f3n.<\/p>\n\n\n\n<p class=\"wp-block-paragraph\">Por ahora, las autoridades no han proporcionado detalles sobre el m\u00f3vil del asesinato ni sobre posibles sospechosos involucrados.<\/p>\n","protected":false},"excerpt":{"rendered":"<p>Autoridades se movilizaron intensamente la ma\u00f1ana de este jueves en el municipio de El Carmen, luego de que se reportara el hallazgo del cuerpo sin cabeza de un hombre al interior de una casa en construcci\u00f3n, en el sector Valle del Jaral. El descubrimiento fue realizado alrededor de las 9:30 horas por trabajadores de la [&hellip;]<\/p>\n","protected":false},"author":2,"featured_media":7974,"comment_status":"open","ping_status":"open","sticky":false,"template":"","format":"standard","meta":{"footnotes":""},"categories":[33],"tags":[],"class_list":["post-7973","post","type-post","status-publish","format-standard","has-post-thumbnail","hentry","category-nuevoleon"],"_links":{"self":[{"href":"https:\/\/distrito.mx\/index.php?rest_route=\/wp\/v2\/posts\/7973","targetHints":{"allow":["GET"]}}],"collection":[{"href":"https:\/\/distrito.mx\/index.php?rest_route=\/wp\/v2\/posts"}],"about":[{"href":"https:\/\/distrito.mx\/index.php?rest_route=\/wp\/v2\/types\/post"}],"author":[{"embeddable":true,"href":"https:\/\/distrito.mx\/index.php?rest_route=\/wp\/v2\/users\/2"}],"replies":[{"embeddable":true,"href":"https:\/\/distrito.mx\/index.php?rest_route=%2Fwp%2Fv2%2Fcomments&post=7973"}],"version-history":[{"count":1,"href":"https:\/\/distrito.mx\/index.php?rest_route=\/wp\/v2\/posts\/7973\/revisions"}],"predecessor-version":[{"id":7975,"href":"https:\/\/distrito.mx\/index.php?rest_route=\/wp\/v2\/posts\/7973\/revisions\/7975"}],"wp:featuredmedia":[{"embeddable":true,"href":"https:\/\/distrito.mx\/index.php?rest_route=\/wp\/v2\/media\/7974"}],"wp:attachment":[{"href":"https:\/\/distrito.mx\/index.php?rest_route=%2Fwp%2Fv2%2Fmedia&parent=7973"}],"wp:term":[{"taxonomy":"category","embeddable":true,"href":"https:\/\/distrito.mx\/index.php?rest_route=%2Fwp%2Fv2%2Fcategories&post=7973"},{"taxonomy":"post_tag","embeddable":true,"href":"https:\/\/distrito.mx\/index.php?rest_route=%2Fwp%2Fv2%2Ftags&post=7973"}],"curies":[{"name":"wp","href":"https:\/\/api.w.org\/{rel}","templated":true}]}}