{"id":7994,"date":"2025-05-23T11:30:00","date_gmt":"2025-05-23T17:30:00","guid":{"rendered":"https:\/\/distrito.mx\/?p=7994"},"modified":"2025-05-23T11:18:44","modified_gmt":"2025-05-23T17:18:44","slug":"acusan-a-paulina-rubio-de-presunto-maltrato-hacia-su-hijo-en-florida","status":"publish","type":"post","link":"https:\/\/distrito.mx\/?p=7994","title":{"rendered":"Acusan a Paulina Rubio de presunto maltrato hacia su hijo en Florida"},"content":{"rendered":"\n<p class=\"wp-block-paragraph\">La cantante Paulina Rubio, de 53 a\u00f1os, ha sido se\u00f1alada por su hijo mayor, Andrea Nicol\u00e1s, de haberlo agredido f\u00edsicamente en su residencia de Florida, Estados Unidos. El caso fue llevado ante un tribunal en Miami, donde una representante legal del menor present\u00f3 detalles que colocan a la artista en medio de una pol\u00e9mica.<\/p>\n\n\n\n<p class=\"wp-block-paragraph\">De acuerdo con los reportes, el problema comenz\u00f3 cuando Paulina Rubio intent\u00f3 quitarle el celular a su hijo de 14 a\u00f1os, lo que desencaden\u00f3 una discusi\u00f3n que habr\u00eda escalado hasta convertirse en una agresi\u00f3n f\u00edsica. La representante del menor, designada por las autoridades, inform\u00f3 que fue contactada por el propio joven y que, tras solicitar apoyo policial, sostuvo una conversaci\u00f3n con la cantante para conocer su versi\u00f3n de lo ocurrido.<\/p>\n\n\n\n<p class=\"wp-block-paragraph\">De acuerdo con lo expuesto en la audiencia, el menor manifest\u00f3 sentirse constantemente atacado por su madre y mencion\u00f3 que el tel\u00e9fono m\u00f3vil representa su \u00fanica v\u00eda de comunicaci\u00f3n con su padre, el empresario espa\u00f1ol Nicol\u00e1s Vallejo-N\u00e1jera, tambi\u00e9n conocido como &#8216;Colate&#8217;. El joven reconoci\u00f3 haber sido irrespetuoso verbalmente, pero asegur\u00f3 que el altercado comenz\u00f3 cuando su madre intent\u00f3 quitarle el aparato.<\/p>\n\n\n\n<p class=\"wp-block-paragraph\">Como parte de las pruebas, el adolescente habr\u00eda enviado una fotograf\u00eda a su representante, en la que se aprecia una marca rojiza en la espalda, similar a la forma de unos dedos, lo que fue interpretado como evidencia de una agresi\u00f3n. Aunque la guardiana aclar\u00f3 que no fue testigo del incidente, s\u00ed afirm\u00f3 que el menor le ha expresado reiteradamente su deseo de vivir con su padre en Espa\u00f1a.<\/p>\n\n\n\n<p class=\"wp-block-paragraph\">Ante la situaci\u00f3n, se recomend\u00f3 con urgencia iniciar un proceso de terapia familiar, una sugerencia que ya se hab\u00eda planteado en ocasiones anteriores sin que se llevara a cabo. En paralelo, el abogado de Vallejo-N\u00e1jera inform\u00f3 que esta semana se present\u00f3 una denuncia formal ante la polic\u00eda por el presunto maltrato.<\/p>\n\n\n\n<p class=\"wp-block-paragraph\">Como consecuencia, se solicit\u00f3 que el menor sea trasladado a Espa\u00f1a bajo la custodia de su padre. El abogado tambi\u00e9n afirm\u00f3 que el adolescente habr\u00eda sido enga\u00f1ado para participar en una sesi\u00f3n de fotos junto a su madre y su hermano para una revista de espect\u00e1culos, luego de que se le asegurara que las im\u00e1genes no ser\u00edan difundidas. Sin embargo, las fotos s\u00ed fueron publicadas, lo que ha sido considerado perjudicial para su bienestar.<\/p>\n","protected":false},"excerpt":{"rendered":"<p>La cantante Paulina Rubio, de 53 a\u00f1os, ha sido se\u00f1alada por su hijo mayor, Andrea Nicol\u00e1s, de haberlo agredido f\u00edsicamente en su residencia de Florida, Estados Unidos. El caso fue llevado ante un tribunal en Miami, donde una representante legal del menor present\u00f3 detalles que colocan a la artista en medio de una pol\u00e9mica. De [&hellip;]<\/p>\n","protected":false},"author":2,"featured_media":7995,"comment_status":"open","ping_status":"open","sticky":false,"template":"","format":"standard","meta":{"footnotes":""},"categories":[24],"tags":[],"class_list":["post-7994","post","type-post","status-publish","format-standard","has-post-thumbnail","hentry","category-espectaculos"],"_links":{"self":[{"href":"https:\/\/distrito.mx\/index.php?rest_route=\/wp\/v2\/posts\/7994","targetHints":{"allow":["GET"]}}],"collection":[{"href":"https:\/\/distrito.mx\/index.php?rest_route=\/wp\/v2\/posts"}],"about":[{"href":"https:\/\/distrito.mx\/index.php?rest_route=\/wp\/v2\/types\/post"}],"author":[{"embeddable":true,"href":"https:\/\/distrito.mx\/index.php?rest_route=\/wp\/v2\/users\/2"}],"replies":[{"embeddable":true,"href":"https:\/\/distrito.mx\/index.php?rest_route=%2Fwp%2Fv2%2Fcomments&post=7994"}],"version-history":[{"count":1,"href":"https:\/\/distrito.mx\/index.php?rest_route=\/wp\/v2\/posts\/7994\/revisions"}],"predecessor-version":[{"id":7996,"href":"https:\/\/distrito.mx\/index.php?rest_route=\/wp\/v2\/posts\/7994\/revisions\/7996"}],"wp:featuredmedia":[{"embeddable":true,"href":"https:\/\/distrito.mx\/index.php?rest_route=\/wp\/v2\/media\/7995"}],"wp:attachment":[{"href":"https:\/\/distrito.mx\/index.php?rest_route=%2Fwp%2Fv2%2Fmedia&parent=7994"}],"wp:term":[{"taxonomy":"category","embeddable":true,"href":"https:\/\/distrito.mx\/index.php?rest_route=%2Fwp%2Fv2%2Fcategories&post=7994"},{"taxonomy":"post_tag","embeddable":true,"href":"https:\/\/distrito.mx\/index.php?rest_route=%2Fwp%2Fv2%2Ftags&post=7994"}],"curies":[{"name":"wp","href":"https:\/\/api.w.org\/{rel}","templated":true}]}}