{"id":8013,"date":"2025-05-23T12:02:53","date_gmt":"2025-05-23T18:02:53","guid":{"rendered":"https:\/\/distrito.mx\/?p=8013"},"modified":"2025-05-23T12:02:54","modified_gmt":"2025-05-23T18:02:54","slug":"mexico-rechaza-a-connacional-y-estados-unidos-lo-expulsa-a-africa","status":"publish","type":"post","link":"https:\/\/distrito.mx\/?p=8013","title":{"rendered":"M\u00e9xico rechaza a connacional y Estados Unidos lo expulsa a \u00c1frica"},"content":{"rendered":"\n<p class=\"wp-block-paragraph\">Un caso inusual de deportaci\u00f3n ocurri\u00f3 cuando el gobierno de Estados Unidos, durante la administraci\u00f3n de Donald Trump, expuls\u00f3 a un ciudadano mexicano, Jes\u00fas Mu\u00f1oz Guti\u00e9rrez, a Sud\u00e1n del Sur, en \u00c1frica oriental. La deportaci\u00f3n fue calificada como una acci\u00f3n \u201csin precedentes\u201d por las propias autoridades estadounidenses, y se presume que M\u00e9xico se neg\u00f3 a recibir al individuo, quien estaba acusado de cometer cr\u00edmenes graves.<\/p>\n\n\n\n<p class=\"wp-block-paragraph\">Junto a Mu\u00f1oz, fueron deportados otros siete extranjeros originarios de Myanmar, Cuba, Laos, Vietnam y Sud\u00e1n del Sur, todos descritos por el Departamento de Seguridad Interna (DHS) como personas responsables de actos \u201cmonstruosos y b\u00e1rbaros\u201d. Seg\u00fan el DHS, ning\u00fan pa\u00eds estaba dispuesto a aceptar a los expulsados, hasta que lograron que Sud\u00e1n del Sur aceptara recibirlos.<\/p>\n\n\n\n<p class=\"wp-block-paragraph\">La medida fue cuestionada judicialmente. El juez federal Brian E. Murphy exigi\u00f3 al gobierno de Trump mantener bajo custodia a los deportados hasta revisar si se cumplieron los procedimientos legales en sus casos. La deportaci\u00f3n gener\u00f3 controversia, especialmente por el aparente rechazo de M\u00e9xico a recibir a su propio connacional y por la falta de claridad sobre el respeto al debido proceso.<\/p>\n","protected":false},"excerpt":{"rendered":"<p>Un caso inusual de deportaci\u00f3n ocurri\u00f3 cuando el gobierno de Estados Unidos, durante la administraci\u00f3n de Donald Trump, expuls\u00f3 a un ciudadano mexicano, Jes\u00fas Mu\u00f1oz Guti\u00e9rrez, a Sud\u00e1n del Sur, en \u00c1frica oriental. La deportaci\u00f3n fue calificada como una acci\u00f3n \u201csin precedentes\u201d por las propias autoridades estadounidenses, y se presume que M\u00e9xico se neg\u00f3 a [&hellip;]<\/p>\n","protected":false},"author":4,"featured_media":8014,"comment_status":"open","ping_status":"open","sticky":false,"template":"","format":"standard","meta":{"footnotes":""},"categories":[23,22],"tags":[],"class_list":["post-8013","post","type-post","status-publish","format-standard","has-post-thumbnail","hentry","category-internacional","category-nacional"],"_links":{"self":[{"href":"https:\/\/distrito.mx\/index.php?rest_route=\/wp\/v2\/posts\/8013","targetHints":{"allow":["GET"]}}],"collection":[{"href":"https:\/\/distrito.mx\/index.php?rest_route=\/wp\/v2\/posts"}],"about":[{"href":"https:\/\/distrito.mx\/index.php?rest_route=\/wp\/v2\/types\/post"}],"author":[{"embeddable":true,"href":"https:\/\/distrito.mx\/index.php?rest_route=\/wp\/v2\/users\/4"}],"replies":[{"embeddable":true,"href":"https:\/\/distrito.mx\/index.php?rest_route=%2Fwp%2Fv2%2Fcomments&post=8013"}],"version-history":[{"count":1,"href":"https:\/\/distrito.mx\/index.php?rest_route=\/wp\/v2\/posts\/8013\/revisions"}],"predecessor-version":[{"id":8015,"href":"https:\/\/distrito.mx\/index.php?rest_route=\/wp\/v2\/posts\/8013\/revisions\/8015"}],"wp:featuredmedia":[{"embeddable":true,"href":"https:\/\/distrito.mx\/index.php?rest_route=\/wp\/v2\/media\/8014"}],"wp:attachment":[{"href":"https:\/\/distrito.mx\/index.php?rest_route=%2Fwp%2Fv2%2Fmedia&parent=8013"}],"wp:term":[{"taxonomy":"category","embeddable":true,"href":"https:\/\/distrito.mx\/index.php?rest_route=%2Fwp%2Fv2%2Fcategories&post=8013"},{"taxonomy":"post_tag","embeddable":true,"href":"https:\/\/distrito.mx\/index.php?rest_route=%2Fwp%2Fv2%2Ftags&post=8013"}],"curies":[{"name":"wp","href":"https:\/\/api.w.org\/{rel}","templated":true}]}}