{"id":8022,"date":"2025-05-23T12:12:22","date_gmt":"2025-05-23T18:12:22","guid":{"rendered":"https:\/\/distrito.mx\/?p=8022"},"modified":"2025-05-23T12:12:23","modified_gmt":"2025-05-23T18:12:23","slug":"detienen-a-ejecutivo-de-philips-por-venta-de-respiradores-defectuosos","status":"publish","type":"post","link":"https:\/\/distrito.mx\/?p=8022","title":{"rendered":"Detienen a ejecutivo de Philips por venta de respiradores defectuosos"},"content":{"rendered":"\n<p class=\"wp-block-paragraph\">Marc \u201cN\u201d, director general de Sistemas de Salud de Philips M\u00e9xico, fue detenido en Monterrey, Nuevo Le\u00f3n, por desobedecer medidas cautelares impuestas por un juez. La aprehensi\u00f3n fue ejecutada por la Fiscal\u00eda del estado en coordinaci\u00f3n con otras autoridades, en cumplimiento de una orden judicial vigente. Se le acusa presuntamente de participar en la venta de respiradores defectuosos al gobierno mexicano durante la pandemia por COVID-19, lo que agrava la situaci\u00f3n por tratarse de un contexto de emergencia sanitaria.<\/p>\n\n\n\n<p class=\"wp-block-paragraph\">La detenci\u00f3n se bas\u00f3 en un auto judicial fechado el 17 de mayo de 2024, que autorizaba el uso de medidas de apremio conforme al Art\u00edculo 1067 Bis del C\u00f3digo de Comercio, espec\u00edficamente un arresto de 36 horas. La medida tambi\u00e9n fue aplicada a otros 12 gerentes de Philips M\u00e9xico Commercial, S.A. de C.V., considerados representantes legales de la empresa seg\u00fan documentaci\u00f3n oficial. Las autoridades se\u00f1alaron que el incumplimiento de las disposiciones judiciales fue el motivo directo de las detenciones.<\/p>\n\n\n\n<p class=\"wp-block-paragraph\">Marc \u201cN\u201d hab\u00eda asumido su cargo como director general en septiembre de 2024, seg\u00fan comunicados oficiales de la empresa. Hasta el momento no se ha aclarado si Philips M\u00e9xico emitir\u00e1 una postura institucional ante estos hechos. Se espera que en las pr\u00f3ximas horas se informe sobre el proceso legal que enfrentar\u00e1 el directivo, en un caso que podr\u00eda tener implicaciones significativas para la compa\u00f1\u00eda y su responsabilidad durante la pandemia.<\/p>\n","protected":false},"excerpt":{"rendered":"<p>Marc \u201cN\u201d, director general de Sistemas de Salud de Philips M\u00e9xico, fue detenido en Monterrey, Nuevo Le\u00f3n, por desobedecer medidas cautelares impuestas por un juez. La aprehensi\u00f3n fue ejecutada por la Fiscal\u00eda del estado en coordinaci\u00f3n con otras autoridades, en cumplimiento de una orden judicial vigente. Se le acusa presuntamente de participar en la venta [&hellip;]<\/p>\n","protected":false},"author":4,"featured_media":8023,"comment_status":"open","ping_status":"open","sticky":false,"template":"","format":"standard","meta":{"footnotes":""},"categories":[33],"tags":[],"class_list":["post-8022","post","type-post","status-publish","format-standard","has-post-thumbnail","hentry","category-nuevoleon"],"_links":{"self":[{"href":"https:\/\/distrito.mx\/index.php?rest_route=\/wp\/v2\/posts\/8022","targetHints":{"allow":["GET"]}}],"collection":[{"href":"https:\/\/distrito.mx\/index.php?rest_route=\/wp\/v2\/posts"}],"about":[{"href":"https:\/\/distrito.mx\/index.php?rest_route=\/wp\/v2\/types\/post"}],"author":[{"embeddable":true,"href":"https:\/\/distrito.mx\/index.php?rest_route=\/wp\/v2\/users\/4"}],"replies":[{"embeddable":true,"href":"https:\/\/distrito.mx\/index.php?rest_route=%2Fwp%2Fv2%2Fcomments&post=8022"}],"version-history":[{"count":1,"href":"https:\/\/distrito.mx\/index.php?rest_route=\/wp\/v2\/posts\/8022\/revisions"}],"predecessor-version":[{"id":8024,"href":"https:\/\/distrito.mx\/index.php?rest_route=\/wp\/v2\/posts\/8022\/revisions\/8024"}],"wp:featuredmedia":[{"embeddable":true,"href":"https:\/\/distrito.mx\/index.php?rest_route=\/wp\/v2\/media\/8023"}],"wp:attachment":[{"href":"https:\/\/distrito.mx\/index.php?rest_route=%2Fwp%2Fv2%2Fmedia&parent=8022"}],"wp:term":[{"taxonomy":"category","embeddable":true,"href":"https:\/\/distrito.mx\/index.php?rest_route=%2Fwp%2Fv2%2Fcategories&post=8022"},{"taxonomy":"post_tag","embeddable":true,"href":"https:\/\/distrito.mx\/index.php?rest_route=%2Fwp%2Fv2%2Ftags&post=8022"}],"curies":[{"name":"wp","href":"https:\/\/api.w.org\/{rel}","templated":true}]}}