{"id":8035,"date":"2025-05-23T19:30:00","date_gmt":"2025-05-24T01:30:00","guid":{"rendered":"https:\/\/distrito.mx\/?p=8035"},"modified":"2025-05-23T15:56:54","modified_gmt":"2025-05-23T21:56:54","slug":"barbara-de-regil-revela-acoso-sufrido-por-el-productor-memo-del-bosque","status":"publish","type":"post","link":"https:\/\/distrito.mx\/?p=8035","title":{"rendered":"B\u00e1rbara de Regil revela acoso sufrido por el productor Memo del Bosque"},"content":{"rendered":"\n<p class=\"wp-block-paragraph\">B\u00e1rbara de Regil gener\u00f3 pol\u00e9mica en el medio art\u00edstico al compartir que vivi\u00f3 una situaci\u00f3n de acoso con el productor Memo del Bosque, un caso que hab\u00eda mantenido en secreto durante a\u00f1os por miedo y para evitar controversias. La actriz hizo esta revelaci\u00f3n inicialmente en el reality \u2018Secretos de parejas\u2019 de Canela TV, y m\u00e1s tarde la confirm\u00f3 en el programa \u2018De Primera Mano\u2019, donde tuvo mayor difusi\u00f3n.<\/p>\n\n\n\n<p class=\"wp-block-paragraph\">B\u00e1rbara de Regil relat\u00f3 que cuando estaba comenzando su carrera, el productor intent\u00f3 besarla a la fuerza en su oficina, un acto que ella rechaz\u00f3 y que le provoc\u00f3 una profunda sensaci\u00f3n de incomodidad y repulsi\u00f3n. Este incidente, que defini\u00f3 como muy desagradable, aparentemente le cost\u00f3 un papel en la pantalla chica, pues la actriz asegur\u00f3 que dej\u00f3 de ser considerada para un papel en televisi\u00f3n tras negarse a corresponder al acoso.<\/p>\n\n\n\n<p class=\"wp-block-paragraph\">Con el tiempo, B\u00e1rbara volvi\u00f3 a coincidir con Memo del Bosque durante la boda de Alexis Ayala, pero decidi\u00f3 no confrontarlo para no opacar el evento de su amigo. El productor falleci\u00f3 en abril, tras una larga enfermedad, sin llegar a conocer ni responder las declaraciones que m\u00e1s tarde lo se\u00f1alar\u00edan. B\u00e1rbara de Regil aclar\u00f3 que su testimonio fue grabado meses antes de su fallecimiento y que nunca imagin\u00f3 que saldr\u00eda a la luz cuando \u00e9l ya no estuviera. La actriz expres\u00f3 que este proceso le permiti\u00f3 liberarse de un peso que llevaba mucho tiempo cargando.<\/p>\n","protected":false},"excerpt":{"rendered":"<p>B\u00e1rbara de Regil gener\u00f3 pol\u00e9mica en el medio art\u00edstico al compartir que vivi\u00f3 una situaci\u00f3n de acoso con el productor Memo del Bosque, un caso que hab\u00eda mantenido en secreto durante a\u00f1os por miedo y para evitar controversias. La actriz hizo esta revelaci\u00f3n inicialmente en el reality \u2018Secretos de parejas\u2019 de Canela TV, y m\u00e1s [&hellip;]<\/p>\n","protected":false},"author":2,"featured_media":8036,"comment_status":"open","ping_status":"open","sticky":false,"template":"","format":"standard","meta":{"footnotes":""},"categories":[24],"tags":[],"class_list":["post-8035","post","type-post","status-publish","format-standard","has-post-thumbnail","hentry","category-espectaculos"],"_links":{"self":[{"href":"https:\/\/distrito.mx\/index.php?rest_route=\/wp\/v2\/posts\/8035","targetHints":{"allow":["GET"]}}],"collection":[{"href":"https:\/\/distrito.mx\/index.php?rest_route=\/wp\/v2\/posts"}],"about":[{"href":"https:\/\/distrito.mx\/index.php?rest_route=\/wp\/v2\/types\/post"}],"author":[{"embeddable":true,"href":"https:\/\/distrito.mx\/index.php?rest_route=\/wp\/v2\/users\/2"}],"replies":[{"embeddable":true,"href":"https:\/\/distrito.mx\/index.php?rest_route=%2Fwp%2Fv2%2Fcomments&post=8035"}],"version-history":[{"count":1,"href":"https:\/\/distrito.mx\/index.php?rest_route=\/wp\/v2\/posts\/8035\/revisions"}],"predecessor-version":[{"id":8037,"href":"https:\/\/distrito.mx\/index.php?rest_route=\/wp\/v2\/posts\/8035\/revisions\/8037"}],"wp:featuredmedia":[{"embeddable":true,"href":"https:\/\/distrito.mx\/index.php?rest_route=\/wp\/v2\/media\/8036"}],"wp:attachment":[{"href":"https:\/\/distrito.mx\/index.php?rest_route=%2Fwp%2Fv2%2Fmedia&parent=8035"}],"wp:term":[{"taxonomy":"category","embeddable":true,"href":"https:\/\/distrito.mx\/index.php?rest_route=%2Fwp%2Fv2%2Fcategories&post=8035"},{"taxonomy":"post_tag","embeddable":true,"href":"https:\/\/distrito.mx\/index.php?rest_route=%2Fwp%2Fv2%2Ftags&post=8035"}],"curies":[{"name":"wp","href":"https:\/\/api.w.org\/{rel}","templated":true}]}}