{"id":8041,"date":"2025-05-23T23:30:00","date_gmt":"2025-05-24T05:30:00","guid":{"rendered":"https:\/\/distrito.mx\/?p=8041"},"modified":"2025-05-23T17:44:31","modified_gmt":"2025-05-23T23:44:31","slug":"vandalizan-la-tumba-de-valeria-marquez-fans-organizan-limpieza-y-homenaje","status":"publish","type":"post","link":"https:\/\/distrito.mx\/?p=8041","title":{"rendered":"Vandalizan la tumba de Valeria M\u00e1rquez; fans organizan limpieza y homenaje"},"content":{"rendered":"\n<p class=\"wp-block-paragraph\">La tumba de Valeria M\u00e1rquez, influencer que perdi\u00f3 la vida mientras realizaba una transmisi\u00f3n en vivo desde su est\u00e9tica, fue vandalizada este viernes 23 de mayo, apenas una semana despu\u00e9s de haber sido sepultada en un pante\u00f3n de Zapopan, Jalisco.<\/p>\n\n\n\n<p class=\"wp-block-paragraph\">El hecho caus\u00f3 indignaci\u00f3n entre sus seguidores, quienes al percatarse del da\u00f1o en los adornos florales y otros objetos dejados por la familia, se organizaron para reparar el sitio con flores frescas, limpieza y una nueva fotograf\u00eda.<\/p>\n\n\n\n<p class=\"wp-block-paragraph\">A trav\u00e9s de redes sociales, amigos y fans convocaron a una jornada de restauraci\u00f3n del espacio, donde limpiaron la zona, recolocaron arreglos y llevaron una cruz con una nueva imagen de Valeria, reemplazando la anterior que hab\u00eda sido da\u00f1ada.<\/p>\n\n\n\n<p class=\"wp-block-paragraph\">Al mismo tiempo, la Fiscal\u00eda de Jalisco contin\u00faa con las indagatorias del caso, el cual se investiga bajo el protocolo de feminicidio por la brutalidad con la que se perpetr\u00f3 el ataque. Se tienen identificadas a dos personas como posibles involucrados: quien entreg\u00f3 un regalo que sirvi\u00f3 de se\u00f1uelo para que Valeria permaneciera en el lugar, y un presunto c\u00f3mplice que facilit\u00f3 la huida del agresor.<\/p>\n\n\n\n<p class=\"wp-block-paragraph\">Las autoridades han citado a declarar a personas cercanas a la influencer, incluida su expareja, a quien ella denunci\u00f3 previamente por violencia, as\u00ed como a dos amigas que estuvieron involucradas en los momentos previos al ataque.<\/p>\n","protected":false},"excerpt":{"rendered":"<p>La tumba de Valeria M\u00e1rquez, influencer que perdi\u00f3 la vida mientras realizaba una transmisi\u00f3n en vivo desde su est\u00e9tica, fue vandalizada este viernes 23 de mayo, apenas una semana despu\u00e9s de haber sido sepultada en un pante\u00f3n de Zapopan, Jalisco. El hecho caus\u00f3 indignaci\u00f3n entre sus seguidores, quienes al percatarse del da\u00f1o en los adornos [&hellip;]<\/p>\n","protected":false},"author":2,"featured_media":8042,"comment_status":"open","ping_status":"open","sticky":false,"template":"","format":"standard","meta":{"footnotes":""},"categories":[22],"tags":[],"class_list":["post-8041","post","type-post","status-publish","format-standard","has-post-thumbnail","hentry","category-nacional"],"_links":{"self":[{"href":"https:\/\/distrito.mx\/index.php?rest_route=\/wp\/v2\/posts\/8041","targetHints":{"allow":["GET"]}}],"collection":[{"href":"https:\/\/distrito.mx\/index.php?rest_route=\/wp\/v2\/posts"}],"about":[{"href":"https:\/\/distrito.mx\/index.php?rest_route=\/wp\/v2\/types\/post"}],"author":[{"embeddable":true,"href":"https:\/\/distrito.mx\/index.php?rest_route=\/wp\/v2\/users\/2"}],"replies":[{"embeddable":true,"href":"https:\/\/distrito.mx\/index.php?rest_route=%2Fwp%2Fv2%2Fcomments&post=8041"}],"version-history":[{"count":1,"href":"https:\/\/distrito.mx\/index.php?rest_route=\/wp\/v2\/posts\/8041\/revisions"}],"predecessor-version":[{"id":8043,"href":"https:\/\/distrito.mx\/index.php?rest_route=\/wp\/v2\/posts\/8041\/revisions\/8043"}],"wp:featuredmedia":[{"embeddable":true,"href":"https:\/\/distrito.mx\/index.php?rest_route=\/wp\/v2\/media\/8042"}],"wp:attachment":[{"href":"https:\/\/distrito.mx\/index.php?rest_route=%2Fwp%2Fv2%2Fmedia&parent=8041"}],"wp:term":[{"taxonomy":"category","embeddable":true,"href":"https:\/\/distrito.mx\/index.php?rest_route=%2Fwp%2Fv2%2Fcategories&post=8041"},{"taxonomy":"post_tag","embeddable":true,"href":"https:\/\/distrito.mx\/index.php?rest_route=%2Fwp%2Fv2%2Ftags&post=8041"}],"curies":[{"name":"wp","href":"https:\/\/api.w.org\/{rel}","templated":true}]}}