{"id":8069,"date":"2025-05-27T09:52:03","date_gmt":"2025-05-27T15:52:03","guid":{"rendered":"https:\/\/distrito.mx\/?p=8069"},"modified":"2025-05-27T09:52:04","modified_gmt":"2025-05-27T15:52:04","slug":"una-foto-en-redes-sociales-llevo-a-una-familia-a-reencontrarse-con-su-hijo-perdido","status":"publish","type":"post","link":"https:\/\/distrito.mx\/?p=8069","title":{"rendered":"Una foto en redes sociales llev\u00f3 a una familia a reencontrarse con su hijo perdido"},"content":{"rendered":"\n<p class=\"wp-block-paragraph\">Un joven originario del Estado de M\u00e9xico, reportado como desaparecido desde 2018, fue localizado en la zona centro de Guadalajara, Jalisco. Su familia logr\u00f3 identificarlo recientemente a trav\u00e9s de una fotograf\u00eda que circulaba en redes sociales, en la que reconocieron a su hijo, a pesar de los cambios f\u00edsicos que el tiempo hab\u00eda dejado en \u00e9l.<\/p>\n\n\n\n<p class=\"wp-block-paragraph\">Tras verlo en la imagen, los padres del joven viajaron a Jalisco y solicitaron el apoyo de las autoridades locales para su localizaci\u00f3n. Con ayuda de la unidad municipal especializada en b\u00fasqueda de personas, se emprendi\u00f3 un operativo que culmin\u00f3 con \u00e9xito: el hombre fue encontrado viviendo en situaci\u00f3n de calle.<\/p>\n\n\n\n<p class=\"wp-block-paragraph\">Actualmente se encuentra en buen estado de salud y ya se ha reencontrado con su familia, cerrando as\u00ed una larga etapa de incertidumbre. Este caso representa una esperanza para quienes a\u00fan esperan noticias de sus seres queridos desaparecidos.<\/p>\n","protected":false},"excerpt":{"rendered":"<p>Un joven originario del Estado de M\u00e9xico, reportado como desaparecido desde 2018, fue localizado en la zona centro de Guadalajara, Jalisco. Su familia logr\u00f3 identificarlo recientemente a trav\u00e9s de una fotograf\u00eda que circulaba en redes sociales, en la que reconocieron a su hijo, a pesar de los cambios f\u00edsicos que el tiempo hab\u00eda dejado en [&hellip;]<\/p>\n","protected":false},"author":2,"featured_media":8070,"comment_status":"open","ping_status":"open","sticky":false,"template":"","format":"standard","meta":{"footnotes":""},"categories":[27],"tags":[],"class_list":["post-8069","post","type-post","status-publish","format-standard","has-post-thumbnail","hentry","category-estados"],"_links":{"self":[{"href":"https:\/\/distrito.mx\/index.php?rest_route=\/wp\/v2\/posts\/8069","targetHints":{"allow":["GET"]}}],"collection":[{"href":"https:\/\/distrito.mx\/index.php?rest_route=\/wp\/v2\/posts"}],"about":[{"href":"https:\/\/distrito.mx\/index.php?rest_route=\/wp\/v2\/types\/post"}],"author":[{"embeddable":true,"href":"https:\/\/distrito.mx\/index.php?rest_route=\/wp\/v2\/users\/2"}],"replies":[{"embeddable":true,"href":"https:\/\/distrito.mx\/index.php?rest_route=%2Fwp%2Fv2%2Fcomments&post=8069"}],"version-history":[{"count":1,"href":"https:\/\/distrito.mx\/index.php?rest_route=\/wp\/v2\/posts\/8069\/revisions"}],"predecessor-version":[{"id":8071,"href":"https:\/\/distrito.mx\/index.php?rest_route=\/wp\/v2\/posts\/8069\/revisions\/8071"}],"wp:featuredmedia":[{"embeddable":true,"href":"https:\/\/distrito.mx\/index.php?rest_route=\/wp\/v2\/media\/8070"}],"wp:attachment":[{"href":"https:\/\/distrito.mx\/index.php?rest_route=%2Fwp%2Fv2%2Fmedia&parent=8069"}],"wp:term":[{"taxonomy":"category","embeddable":true,"href":"https:\/\/distrito.mx\/index.php?rest_route=%2Fwp%2Fv2%2Fcategories&post=8069"},{"taxonomy":"post_tag","embeddable":true,"href":"https:\/\/distrito.mx\/index.php?rest_route=%2Fwp%2Fv2%2Ftags&post=8069"}],"curies":[{"name":"wp","href":"https:\/\/api.w.org\/{rel}","templated":true}]}}