{"id":8083,"date":"2025-05-27T19:30:00","date_gmt":"2025-05-28T01:30:00","guid":{"rendered":"https:\/\/distrito.mx\/?p=8083"},"modified":"2025-05-27T16:11:37","modified_gmt":"2025-05-27T22:11:37","slug":"tormenta-electrica-cobra-la-vida-de-un-menor-en-morelos","status":"publish","type":"post","link":"https:\/\/distrito.mx\/?p=8083","title":{"rendered":"Tormenta el\u00e9ctrica cobra la vida de un menor en Morelos"},"content":{"rendered":"\n<p class=\"wp-block-paragraph\">Mientras ayudaba a su familia en labores del campo, un ni\u00f1o de 11 a\u00f1os muri\u00f3 al ser alcanzado por un rayo en la comunidad de Valle de V\u00e1zquez, en Tlaquiltenango, Morelos. El tr\u00e1gico suceso ocurri\u00f3 el viernes 23 de mayo, cuando una descarga el\u00e9ctrica impact\u00f3 en la zona donde trabajaban tres personas: un adulto, un joven de 16 a\u00f1os y el ni\u00f1o.<\/p>\n\n\n\n<p class=\"wp-block-paragraph\">De acuerdo con los primeros reportes, los tres integrantes de la familia se encontraban realizando labores agr\u00edcolas cuando fueron sorprendidos por la tormenta. Un trabajador que se encontraba cerca acudi\u00f3 a auxiliarlos y logr\u00f3 pedir ayuda, lo que permiti\u00f3 el traslado de dos de las v\u00edctimas a un hospital. Cuando arribaron los servicios de emergencia, el menor ya no presentaba signos de vida.<\/p>\n\n\n\n<p class=\"wp-block-paragraph\">Hasta el momento, no se ha informado p\u00fablicamente sobre el estado de salud del adulto y el adolescente, aunque se sabe que permanecen bajo observaci\u00f3n m\u00e9dica. El incidente ha conmocionado a la comunidad, donde la familia es conocida por su dedicaci\u00f3n al trabajo y su cercan\u00eda con los vecinos. A trav\u00e9s de redes sociales, personas cercanas a la familia han publicado mensajes de apoyo y han brindado detalles sobre lo sucedido durante la tormenta. La noticia ha generado un llamado a la prevenci\u00f3n.<\/p>\n\n\n\n<p class=\"wp-block-paragraph\">Especialistas recomiendan extremar precauciones durante tormentas el\u00e9ctricas: evitar \u00e1rboles altos, estructuras met\u00e1licas y cuerpos de agua; no refugiarse bajo \u00e1rboles y mantenerse informado a trav\u00e9s de fuentes oficiales. En caso de estar en campo abierto, se aconseja buscar resguardo inmediato o, si no es posible, adoptar una posici\u00f3n que minimice el contacto con el suelo, agach\u00e1ndose sin llegar a acostarse completamente.<\/p>\n","protected":false},"excerpt":{"rendered":"<p>Mientras ayudaba a su familia en labores del campo, un ni\u00f1o de 11 a\u00f1os muri\u00f3 al ser alcanzado por un rayo en la comunidad de Valle de V\u00e1zquez, en Tlaquiltenango, Morelos. El tr\u00e1gico suceso ocurri\u00f3 el viernes 23 de mayo, cuando una descarga el\u00e9ctrica impact\u00f3 en la zona donde trabajaban tres personas: un adulto, un [&hellip;]<\/p>\n","protected":false},"author":2,"featured_media":8084,"comment_status":"open","ping_status":"open","sticky":false,"template":"","format":"standard","meta":{"footnotes":""},"categories":[27],"tags":[],"class_list":["post-8083","post","type-post","status-publish","format-standard","has-post-thumbnail","hentry","category-estados"],"_links":{"self":[{"href":"https:\/\/distrito.mx\/index.php?rest_route=\/wp\/v2\/posts\/8083","targetHints":{"allow":["GET"]}}],"collection":[{"href":"https:\/\/distrito.mx\/index.php?rest_route=\/wp\/v2\/posts"}],"about":[{"href":"https:\/\/distrito.mx\/index.php?rest_route=\/wp\/v2\/types\/post"}],"author":[{"embeddable":true,"href":"https:\/\/distrito.mx\/index.php?rest_route=\/wp\/v2\/users\/2"}],"replies":[{"embeddable":true,"href":"https:\/\/distrito.mx\/index.php?rest_route=%2Fwp%2Fv2%2Fcomments&post=8083"}],"version-history":[{"count":1,"href":"https:\/\/distrito.mx\/index.php?rest_route=\/wp\/v2\/posts\/8083\/revisions"}],"predecessor-version":[{"id":8085,"href":"https:\/\/distrito.mx\/index.php?rest_route=\/wp\/v2\/posts\/8083\/revisions\/8085"}],"wp:featuredmedia":[{"embeddable":true,"href":"https:\/\/distrito.mx\/index.php?rest_route=\/wp\/v2\/media\/8084"}],"wp:attachment":[{"href":"https:\/\/distrito.mx\/index.php?rest_route=%2Fwp%2Fv2%2Fmedia&parent=8083"}],"wp:term":[{"taxonomy":"category","embeddable":true,"href":"https:\/\/distrito.mx\/index.php?rest_route=%2Fwp%2Fv2%2Fcategories&post=8083"},{"taxonomy":"post_tag","embeddable":true,"href":"https:\/\/distrito.mx\/index.php?rest_route=%2Fwp%2Fv2%2Ftags&post=8083"}],"curies":[{"name":"wp","href":"https:\/\/api.w.org\/{rel}","templated":true}]}}