{"id":8092,"date":"2025-05-28T09:44:27","date_gmt":"2025-05-28T15:44:27","guid":{"rendered":"https:\/\/distrito.mx\/?p=8092"},"modified":"2025-05-28T09:44:27","modified_gmt":"2025-05-28T15:44:27","slug":"hombre-es-detenido-tras-agredir-a-otro-que-le-pidio-dinero-en-el-centro-de-monterrey","status":"publish","type":"post","link":"https:\/\/distrito.mx\/?p=8092","title":{"rendered":"Hombre es detenido tras agredir a otro que le pidi\u00f3 dinero en el centro de Monterrey"},"content":{"rendered":"\n<p class=\"wp-block-paragraph\">Un hombre fue detenido por elementos de la Polic\u00eda del municipio de Monterrey luego de que agrediera violentamente a otro ciudadano en calles del primer cuadro de la ciudad. La agresi\u00f3n se registr\u00f3 en horas de la madrugada, luego de que la v\u00edctima, de 52 a\u00f1os, le pidiera una moneda a un hombre para su pasaje.<\/p>\n\n\n\n<p class=\"wp-block-paragraph\">La solicitud provoc\u00f3 una reacci\u00f3n violenta: el agresor lo empuj\u00f3 al suelo y comenz\u00f3 a patearlo en repetidas ocasiones. Los hechos se reportaron inicialmente en el cruce de Cuauht\u00e9moc y Modesto Arreola, aunque el presunto responsable fue localizado minutos despu\u00e9s en Pino Su\u00e1rez y Aramberri, en la zona de la Alameda Mariano Escobedo.<\/p>\n\n\n\n<p class=\"wp-block-paragraph\">Polic\u00edas que patrullaban la zona fueron notificados por el C4 sobre una agresi\u00f3n cercana; al acudir, encontraron al afectado y, tras recabar su testimonio, ubicaron al presunto responsable gracias a su descripci\u00f3n f\u00edsica y vestimenta, procedieron a su detenci\u00f3n mientras este esperaba el transporte p\u00fablico en compa\u00f1\u00eda de una mujer.<\/p>\n\n\n\n<p class=\"wp-block-paragraph\">El detenido, identificado como Minardo M., de 46 a\u00f1os, fue puesto a disposici\u00f3n del Ministerio P\u00fablico. Por su parte, el lesionado fue atendido por param\u00e9dicos debido a golpes en la nariz y la mejilla izquierda. La intervenci\u00f3n forma parte de las acciones del operativo Escudo, implementado por el gobierno municipal con el objetivo de reforzar la seguridad y reducir la incidencia delictiva en Monterrey.<\/p>\n","protected":false},"excerpt":{"rendered":"<p>Un hombre fue detenido por elementos de la Polic\u00eda del municipio de Monterrey luego de que agrediera violentamente a otro ciudadano en calles del primer cuadro de la ciudad. La agresi\u00f3n se registr\u00f3 en horas de la madrugada, luego de que la v\u00edctima, de 52 a\u00f1os, le pidiera una moneda a un hombre para su [&hellip;]<\/p>\n","protected":false},"author":2,"featured_media":8093,"comment_status":"open","ping_status":"open","sticky":false,"template":"","format":"standard","meta":{"footnotes":""},"categories":[33],"tags":[],"class_list":["post-8092","post","type-post","status-publish","format-standard","has-post-thumbnail","hentry","category-nuevoleon"],"_links":{"self":[{"href":"https:\/\/distrito.mx\/index.php?rest_route=\/wp\/v2\/posts\/8092","targetHints":{"allow":["GET"]}}],"collection":[{"href":"https:\/\/distrito.mx\/index.php?rest_route=\/wp\/v2\/posts"}],"about":[{"href":"https:\/\/distrito.mx\/index.php?rest_route=\/wp\/v2\/types\/post"}],"author":[{"embeddable":true,"href":"https:\/\/distrito.mx\/index.php?rest_route=\/wp\/v2\/users\/2"}],"replies":[{"embeddable":true,"href":"https:\/\/distrito.mx\/index.php?rest_route=%2Fwp%2Fv2%2Fcomments&post=8092"}],"version-history":[{"count":1,"href":"https:\/\/distrito.mx\/index.php?rest_route=\/wp\/v2\/posts\/8092\/revisions"}],"predecessor-version":[{"id":8094,"href":"https:\/\/distrito.mx\/index.php?rest_route=\/wp\/v2\/posts\/8092\/revisions\/8094"}],"wp:featuredmedia":[{"embeddable":true,"href":"https:\/\/distrito.mx\/index.php?rest_route=\/wp\/v2\/media\/8093"}],"wp:attachment":[{"href":"https:\/\/distrito.mx\/index.php?rest_route=%2Fwp%2Fv2%2Fmedia&parent=8092"}],"wp:term":[{"taxonomy":"category","embeddable":true,"href":"https:\/\/distrito.mx\/index.php?rest_route=%2Fwp%2Fv2%2Fcategories&post=8092"},{"taxonomy":"post_tag","embeddable":true,"href":"https:\/\/distrito.mx\/index.php?rest_route=%2Fwp%2Fv2%2Ftags&post=8092"}],"curies":[{"name":"wp","href":"https:\/\/api.w.org\/{rel}","templated":true}]}}