{"id":8098,"date":"2025-05-28T12:16:53","date_gmt":"2025-05-28T18:16:53","guid":{"rendered":"https:\/\/distrito.mx\/?p=8098"},"modified":"2025-05-28T12:16:54","modified_gmt":"2025-05-28T18:16:54","slug":"carlos-vela-se-retira-de-las-canchas-el-mago-de-cancun-cierra-su-historia-en-el-futbol","status":"publish","type":"post","link":"https:\/\/distrito.mx\/?p=8098","title":{"rendered":"Carlos Vela se retira de las canchas: el mago de Canc\u00fan cierra su historia en el f\u00fatbol"},"content":{"rendered":"\n<p class=\"wp-block-paragraph\">Se despide de los m\u00e1s talentosos que ha dado el futbol mexicano. Carlos Vela, a sus 36 a\u00f1os, anunci\u00f3 su retiro definitivo de las canchas este martes 27 de mayo. Tras m\u00e1s de medio a\u00f1o sin actividad y una carrera cargada de magia, goles y momentos inolvidables, el nacido en Canc\u00fan decidi\u00f3 poner punto final a su etapa como jugador.<\/p>\n\n\n\n<p class=\"wp-block-paragraph\">Su \u00faltimo partido fue en octubre de 2024 con LAFC, equipo con el que dej\u00f3 huella en la MLS: gan\u00f3 dos Supporter\u2019s Shield, una MLS Cup, una U.S. Open Cup y roz\u00f3 la gloria en dos finales de Concachampions. Antes de eso, nos deslumbr\u00f3 en Europa con el Arsenal y la Real Sociedad, aunque curiosamente nunca debut\u00f3 en la Liga MX.<\/p>\n\n\n\n<p class=\"wp-block-paragraph\">Con la Selecci\u00f3n Mexicana, Vela vivi\u00f3 dos Copas del Mundo (2010 y 2018), levant\u00f3 dos Copas Oro y anot\u00f3 19 goles en 72 partidos. Genio dentro de la cancha y siempre fiel a su estilo, Carlos Vela se va dejando una huella \u00fanica y ya tiene lista su siguiente aventura\u2026 aunque a\u00fan no revela de qu\u00e9 se trata. \u00a1Feliz retiro, Carlitos!<\/p>\n","protected":false},"excerpt":{"rendered":"<p>Se despide de los m\u00e1s talentosos que ha dado el futbol mexicano. Carlos Vela, a sus 36 a\u00f1os, anunci\u00f3 su retiro definitivo de las canchas este martes 27 de mayo. Tras m\u00e1s de medio a\u00f1o sin actividad y una carrera cargada de magia, goles y momentos inolvidables, el nacido en Canc\u00fan decidi\u00f3 poner punto final [&hellip;]<\/p>\n","protected":false},"author":4,"featured_media":8099,"comment_status":"open","ping_status":"open","sticky":false,"template":"","format":"standard","meta":{"footnotes":""},"categories":[29],"tags":[],"class_list":["post-8098","post","type-post","status-publish","format-standard","has-post-thumbnail","hentry","category-deportes"],"_links":{"self":[{"href":"https:\/\/distrito.mx\/index.php?rest_route=\/wp\/v2\/posts\/8098","targetHints":{"allow":["GET"]}}],"collection":[{"href":"https:\/\/distrito.mx\/index.php?rest_route=\/wp\/v2\/posts"}],"about":[{"href":"https:\/\/distrito.mx\/index.php?rest_route=\/wp\/v2\/types\/post"}],"author":[{"embeddable":true,"href":"https:\/\/distrito.mx\/index.php?rest_route=\/wp\/v2\/users\/4"}],"replies":[{"embeddable":true,"href":"https:\/\/distrito.mx\/index.php?rest_route=%2Fwp%2Fv2%2Fcomments&post=8098"}],"version-history":[{"count":1,"href":"https:\/\/distrito.mx\/index.php?rest_route=\/wp\/v2\/posts\/8098\/revisions"}],"predecessor-version":[{"id":8100,"href":"https:\/\/distrito.mx\/index.php?rest_route=\/wp\/v2\/posts\/8098\/revisions\/8100"}],"wp:featuredmedia":[{"embeddable":true,"href":"https:\/\/distrito.mx\/index.php?rest_route=\/wp\/v2\/media\/8099"}],"wp:attachment":[{"href":"https:\/\/distrito.mx\/index.php?rest_route=%2Fwp%2Fv2%2Fmedia&parent=8098"}],"wp:term":[{"taxonomy":"category","embeddable":true,"href":"https:\/\/distrito.mx\/index.php?rest_route=%2Fwp%2Fv2%2Fcategories&post=8098"},{"taxonomy":"post_tag","embeddable":true,"href":"https:\/\/distrito.mx\/index.php?rest_route=%2Fwp%2Fv2%2Ftags&post=8098"}],"curies":[{"name":"wp","href":"https:\/\/api.w.org\/{rel}","templated":true}]}}