{"id":8101,"date":"2025-05-28T15:30:00","date_gmt":"2025-05-28T21:30:00","guid":{"rendered":"https:\/\/distrito.mx\/?p=8101"},"modified":"2025-05-28T13:31:38","modified_gmt":"2025-05-28T19:31:38","slug":"fiscalia-emite-alerta-amber-por-nino-desaparecido-en-el-municipio-de-garcia","status":"publish","type":"post","link":"https:\/\/distrito.mx\/?p=8101","title":{"rendered":"Fiscal\u00eda emite Alerta Amber por ni\u00f1o desaparecido en el municipio de Garc\u00eda"},"content":{"rendered":"\n<p class=\"wp-block-paragraph\">En el municipio de Garc\u00eda, se activ\u00f3 la Alerta Amber por la desaparici\u00f3n de un ni\u00f1o de un a\u00f1o llamado Ismael Santiago, quien fue sustra\u00eddo por su padre el 16 de abril en un domicilio de la colonia Privalia Cumbres.<\/p>\n\n\n\n<p class=\"wp-block-paragraph\">La Fiscal\u00eda General de Justicia del estado est\u00e1 a cargo de la b\u00fasqueda del menor, descrito como un ni\u00f1o de cabello casta\u00f1o claro y lacio, tez blanca, ojos caf\u00e9s claros, estatura aproximada de 90 cent\u00edmetros y complexi\u00f3n robusta.<\/p>\n\n\n\n<p class=\"wp-block-paragraph\">Entre sus se\u00f1as particulares destaca una mancha por quemadura en el brazo izquierdo, aunque no se tiene informaci\u00f3n sobre la ropa que vest\u00eda al momento de la desaparici\u00f3n. La denuncia fue presentada por la madre del menor, quien no report\u00f3 que el ni\u00f1o padeciera alguna enfermedad o condici\u00f3n m\u00e9dica.<\/p>\n\n\n\n<p class=\"wp-block-paragraph\">El padre del ni\u00f1o fue identificado como Aar\u00f3n Montes Nicol\u00e1s, pero no se han dado m\u00e1s detalles sobre \u00e9l ni las circunstancias exactas en las que se llev\u00f3 al menor. Las autoridades solicitan a la poblaci\u00f3n que, si cuentan con informaci\u00f3n sobre el paradero del ni\u00f1o o del padre, se comuniquen a los n\u00fameros de la Agencia Estatal de Investigaciones.<\/p>\n\n\n\n<p class=\"wp-block-paragraph\">Tel\u00e9fonos 81 2020 44 39, 81 2020 4460 y 81 1990 3873.<\/p>\n\n\n\n<figure class=\"wp-block-image size-full\"><img loading=\"lazy\" decoding=\"async\" width=\"622\" height=\"831\" src=\"https:\/\/distrito.mx\/wp-content\/uploads\/2025\/05\/image-3.png\" alt=\"\" class=\"wp-image-8102\" srcset=\"https:\/\/distrito.mx\/wp-content\/uploads\/2025\/05\/image-3.png 622w, https:\/\/distrito.mx\/wp-content\/uploads\/2025\/05\/image-3-225x300.png 225w, https:\/\/distrito.mx\/wp-content\/uploads\/2025\/05\/image-3-150x200.png 150w, https:\/\/distrito.mx\/wp-content\/uploads\/2025\/05\/image-3-300x401.png 300w\" sizes=\"auto, (max-width: 622px) 100vw, 622px\" \/><\/figure>\n","protected":false},"excerpt":{"rendered":"<p>En el municipio de Garc\u00eda, se activ\u00f3 la Alerta Amber por la desaparici\u00f3n de un ni\u00f1o de un a\u00f1o llamado Ismael Santiago, quien fue sustra\u00eddo por su padre el 16 de abril en un domicilio de la colonia Privalia Cumbres. La Fiscal\u00eda General de Justicia del estado est\u00e1 a cargo de la b\u00fasqueda del menor, [&hellip;]<\/p>\n","protected":false},"author":2,"featured_media":8103,"comment_status":"open","ping_status":"open","sticky":false,"template":"","format":"standard","meta":{"footnotes":""},"categories":[33],"tags":[],"class_list":["post-8101","post","type-post","status-publish","format-standard","has-post-thumbnail","hentry","category-nuevoleon"],"_links":{"self":[{"href":"https:\/\/distrito.mx\/index.php?rest_route=\/wp\/v2\/posts\/8101","targetHints":{"allow":["GET"]}}],"collection":[{"href":"https:\/\/distrito.mx\/index.php?rest_route=\/wp\/v2\/posts"}],"about":[{"href":"https:\/\/distrito.mx\/index.php?rest_route=\/wp\/v2\/types\/post"}],"author":[{"embeddable":true,"href":"https:\/\/distrito.mx\/index.php?rest_route=\/wp\/v2\/users\/2"}],"replies":[{"embeddable":true,"href":"https:\/\/distrito.mx\/index.php?rest_route=%2Fwp%2Fv2%2Fcomments&post=8101"}],"version-history":[{"count":1,"href":"https:\/\/distrito.mx\/index.php?rest_route=\/wp\/v2\/posts\/8101\/revisions"}],"predecessor-version":[{"id":8104,"href":"https:\/\/distrito.mx\/index.php?rest_route=\/wp\/v2\/posts\/8101\/revisions\/8104"}],"wp:featuredmedia":[{"embeddable":true,"href":"https:\/\/distrito.mx\/index.php?rest_route=\/wp\/v2\/media\/8103"}],"wp:attachment":[{"href":"https:\/\/distrito.mx\/index.php?rest_route=%2Fwp%2Fv2%2Fmedia&parent=8101"}],"wp:term":[{"taxonomy":"category","embeddable":true,"href":"https:\/\/distrito.mx\/index.php?rest_route=%2Fwp%2Fv2%2Fcategories&post=8101"},{"taxonomy":"post_tag","embeddable":true,"href":"https:\/\/distrito.mx\/index.php?rest_route=%2Fwp%2Fv2%2Ftags&post=8101"}],"curies":[{"name":"wp","href":"https:\/\/api.w.org\/{rel}","templated":true}]}}