{"id":8105,"date":"2025-05-28T17:30:00","date_gmt":"2025-05-28T23:30:00","guid":{"rendered":"https:\/\/distrito.mx\/?p=8105"},"modified":"2025-05-28T15:00:45","modified_gmt":"2025-05-28T21:00:45","slug":"fallece-kepa-amuchastegui-actor-que-interpreto-a-roberto-mendoza-en-betty-la-fea","status":"publish","type":"post","link":"https:\/\/distrito.mx\/?p=8105","title":{"rendered":"Fallece Kepa Amuch\u00e1stegui actor que interpret\u00f3 a Roberto Mendoza en Betty, la fea"},"content":{"rendered":"\n<p class=\"wp-block-paragraph\">El actor colombiano Kepa Amuch\u00e1stegui, reconocido por su papel como Roberto Mendoza en la ic\u00f3nica telenovela Yo soy Betty, la fea, falleci\u00f3 el 27 de mayo a los 84 a\u00f1os de edad. Su trayectoria art\u00edstica abarc\u00f3 m\u00e1s de cinco d\u00e9cadas en teatro, cine y televisi\u00f3n, dejando una huella imborrable en el entretenimiento hispanoamericano.<\/p>\n\n\n\n<p class=\"wp-block-paragraph\">En los \u00faltimos a\u00f1os, enfrent\u00f3 complicaciones de salud derivadas del c\u00e1ncer de vejiga, lo que lo llev\u00f3 a someterse a tratamientos como inmunoterapia y a depender de una nefrostom\u00eda permanente. A pesar del deterioro f\u00edsico, se mantuvo activo en redes sociales, mostrando entereza frente a la enfermedad.<\/p>\n\n\n\n<p class=\"wp-block-paragraph\">Kepa Amuch\u00e1stegui naci\u00f3 en Bogot\u00e1 en 1941 y comenz\u00f3 su carrera art\u00edstica tras dejar sus estudios de arquitectura. Realiz\u00f3 su formaci\u00f3n actoral en Francia y posteriormente form\u00f3 parte de la Royal Shakespeare Company en Londres. Su debut en televisi\u00f3n ocurri\u00f3 en 1983 y desde entonces particip\u00f3 en m\u00e1s de 40 producciones, consolidando una carrera diversa y respetada.<\/p>\n\n\n\n<p class=\"wp-block-paragraph\">Pese a su amplia trayectoria en televisi\u00f3n, fue su papel como el fundador de Ecomoda en la telenovela reconocida por el Libro Guinness como la m\u00e1s exitosa del mundo, lo que lo consolid\u00f3 como un personaje querido por el p\u00fablico latinoamericano. Falleci\u00f3 acompa\u00f1ado de su familia, y ser\u00e1 velado este 28 de mayo en la Sala de Velaciones La Candelaria, en Bogot\u00e1.<\/p>\n","protected":false},"excerpt":{"rendered":"<p>El actor colombiano Kepa Amuch\u00e1stegui, reconocido por su papel como Roberto Mendoza en la ic\u00f3nica telenovela Yo soy Betty, la fea, falleci\u00f3 el 27 de mayo a los 84 a\u00f1os de edad. Su trayectoria art\u00edstica abarc\u00f3 m\u00e1s de cinco d\u00e9cadas en teatro, cine y televisi\u00f3n, dejando una huella imborrable en el entretenimiento hispanoamericano. En los [&hellip;]<\/p>\n","protected":false},"author":2,"featured_media":8106,"comment_status":"open","ping_status":"open","sticky":false,"template":"","format":"standard","meta":{"footnotes":""},"categories":[35],"tags":[],"class_list":["post-8105","post","type-post","status-publish","format-standard","has-post-thumbnail","hentry","category-entretenimiento"],"_links":{"self":[{"href":"https:\/\/distrito.mx\/index.php?rest_route=\/wp\/v2\/posts\/8105","targetHints":{"allow":["GET"]}}],"collection":[{"href":"https:\/\/distrito.mx\/index.php?rest_route=\/wp\/v2\/posts"}],"about":[{"href":"https:\/\/distrito.mx\/index.php?rest_route=\/wp\/v2\/types\/post"}],"author":[{"embeddable":true,"href":"https:\/\/distrito.mx\/index.php?rest_route=\/wp\/v2\/users\/2"}],"replies":[{"embeddable":true,"href":"https:\/\/distrito.mx\/index.php?rest_route=%2Fwp%2Fv2%2Fcomments&post=8105"}],"version-history":[{"count":1,"href":"https:\/\/distrito.mx\/index.php?rest_route=\/wp\/v2\/posts\/8105\/revisions"}],"predecessor-version":[{"id":8107,"href":"https:\/\/distrito.mx\/index.php?rest_route=\/wp\/v2\/posts\/8105\/revisions\/8107"}],"wp:featuredmedia":[{"embeddable":true,"href":"https:\/\/distrito.mx\/index.php?rest_route=\/wp\/v2\/media\/8106"}],"wp:attachment":[{"href":"https:\/\/distrito.mx\/index.php?rest_route=%2Fwp%2Fv2%2Fmedia&parent=8105"}],"wp:term":[{"taxonomy":"category","embeddable":true,"href":"https:\/\/distrito.mx\/index.php?rest_route=%2Fwp%2Fv2%2Fcategories&post=8105"},{"taxonomy":"post_tag","embeddable":true,"href":"https:\/\/distrito.mx\/index.php?rest_route=%2Fwp%2Fv2%2Ftags&post=8105"}],"curies":[{"name":"wp","href":"https:\/\/api.w.org\/{rel}","templated":true}]}}