{"id":8123,"date":"2025-05-28T23:30:00","date_gmt":"2025-05-29T05:30:00","guid":{"rendered":"https:\/\/distrito.mx\/?p=8123"},"modified":"2025-05-28T18:13:23","modified_gmt":"2025-05-29T00:13:23","slug":"san-nicolas-pone-en-marcha-contraflujo-en-avenida-universidad-para-mejorar-la-movilidad","status":"publish","type":"post","link":"https:\/\/distrito.mx\/?p=8123","title":{"rendered":"San Nicol\u00e1s pone en marcha contraflujo en avenida Universidad para mejorar la movilidad"},"content":{"rendered":"\n<p class=\"wp-block-paragraph\">El municipio de San Nicol\u00e1s de los Garza comenz\u00f3 el martes la operaci\u00f3n de un nuevo contraflujo sobre avenida Universidad, con el objetivo de reducir significativamente los tiempos de traslado en direcci\u00f3n de sur a norte durante las horas de mayor congesti\u00f3n. La medida busca acortar los trayectos vespertinos de hasta 45 minutos a solo 15, optimizando as\u00ed la circulaci\u00f3n vehicular en esta importante v\u00eda.<\/p>\n\n\n\n<p class=\"wp-block-paragraph\">El contraflujo tiene una extensi\u00f3n de 3.5 kil\u00f3metros y opera de 18:00 a 20:00 horas, iniciando en la avenida Jorge Trevi\u00f1o y finalizando en la calle Zona Norte, cerca de la estaci\u00f3n Santiago Tapia de la L\u00ednea 2 del Metro. Se trata del primer contraflujo semaforizado en el municipio, lo que permite un control m\u00e1s preciso mediante sem\u00e1foros adaptados e invertidos, se\u00f1al\u00e9tica especial, conos y presencia operativa en los cruces clave.<\/p>\n\n\n\n<p class=\"wp-block-paragraph\">Durante su primer d\u00eda de implementaci\u00f3n, el operativo logr\u00f3 liberar el tr\u00e1fico en direcci\u00f3n a Escobedo, aunque provoc\u00f3 congesti\u00f3n en el sentido contrario. Se prev\u00e9 que en las pr\u00f3ximas dos semanas se lleven a cabo estudios t\u00e9cnicos para evaluar los flujos vehiculares, los tiempos de traslado y la posible expansi\u00f3n del horario o aplicaci\u00f3n en el turno matutino. Con esta medida, el municipio suma tres contraflujos activos: en Manuel L. Barrag\u00e1n, bulevar Acapulco y ahora avenida Universidad.<\/p>\n","protected":false},"excerpt":{"rendered":"<p>El municipio de San Nicol\u00e1s de los Garza comenz\u00f3 el martes la operaci\u00f3n de un nuevo contraflujo sobre avenida Universidad, con el objetivo de reducir significativamente los tiempos de traslado en direcci\u00f3n de sur a norte durante las horas de mayor congesti\u00f3n. La medida busca acortar los trayectos vespertinos de hasta 45 minutos a solo [&hellip;]<\/p>\n","protected":false},"author":2,"featured_media":8124,"comment_status":"open","ping_status":"open","sticky":false,"template":"","format":"standard","meta":{"footnotes":""},"categories":[33],"tags":[],"class_list":["post-8123","post","type-post","status-publish","format-standard","has-post-thumbnail","hentry","category-nuevoleon"],"_links":{"self":[{"href":"https:\/\/distrito.mx\/index.php?rest_route=\/wp\/v2\/posts\/8123","targetHints":{"allow":["GET"]}}],"collection":[{"href":"https:\/\/distrito.mx\/index.php?rest_route=\/wp\/v2\/posts"}],"about":[{"href":"https:\/\/distrito.mx\/index.php?rest_route=\/wp\/v2\/types\/post"}],"author":[{"embeddable":true,"href":"https:\/\/distrito.mx\/index.php?rest_route=\/wp\/v2\/users\/2"}],"replies":[{"embeddable":true,"href":"https:\/\/distrito.mx\/index.php?rest_route=%2Fwp%2Fv2%2Fcomments&post=8123"}],"version-history":[{"count":1,"href":"https:\/\/distrito.mx\/index.php?rest_route=\/wp\/v2\/posts\/8123\/revisions"}],"predecessor-version":[{"id":8125,"href":"https:\/\/distrito.mx\/index.php?rest_route=\/wp\/v2\/posts\/8123\/revisions\/8125"}],"wp:featuredmedia":[{"embeddable":true,"href":"https:\/\/distrito.mx\/index.php?rest_route=\/wp\/v2\/media\/8124"}],"wp:attachment":[{"href":"https:\/\/distrito.mx\/index.php?rest_route=%2Fwp%2Fv2%2Fmedia&parent=8123"}],"wp:term":[{"taxonomy":"category","embeddable":true,"href":"https:\/\/distrito.mx\/index.php?rest_route=%2Fwp%2Fv2%2Fcategories&post=8123"},{"taxonomy":"post_tag","embeddable":true,"href":"https:\/\/distrito.mx\/index.php?rest_route=%2Fwp%2Fv2%2Ftags&post=8123"}],"curies":[{"name":"wp","href":"https:\/\/api.w.org\/{rel}","templated":true}]}}