{"id":8132,"date":"2025-05-29T11:30:00","date_gmt":"2025-05-29T17:30:00","guid":{"rendered":"https:\/\/distrito.mx\/?p=8132"},"modified":"2025-05-29T10:59:24","modified_gmt":"2025-05-29T16:59:24","slug":"regresa-el-cubrebocas-en-escuela-secundaria-de-monterrey-por-contagios-de-covid-19","status":"publish","type":"post","link":"https:\/\/distrito.mx\/?p=8132","title":{"rendered":"Regresa el cubrebocas en escuela secundaria de Monterrey por contagios de COVID-19"},"content":{"rendered":"\n<p class=\"wp-block-paragraph\">Ante un brote de COVID-19 entre alumnos de primero y segundo grado, la Escuela Secundaria No. 23 &#8216;Francisco I. Madero&#8217;, ubicada en el Fraccionamiento Bernardo Reyes del municipio de Monterrey, activ\u00f3 medidas preventivas que incluyen el uso obligatorio de cubrebocas y la instalaci\u00f3n de filtros sanitarios en el acceso principal del plantel.<\/p>\n\n\n\n<p class=\"wp-block-paragraph\">La medida fue comunicada a padres de familia, quienes fueron exhortados a colaborar con su cumplimiento para contener la propagaci\u00f3n del virus. Como parte de la estrategia, se suspendieron actividades recreativas que implicaban la concentraci\u00f3n masiva del alumnado, incluyendo la asamblea conmemorativa de mayo y la convivencia por el D\u00eda del Estudiante, prevista para este jueves 29.<\/p>\n\n\n\n<p class=\"wp-block-paragraph\">En el acceso a la escuela se implementaron revisiones sanitarias, donde al alumnado se le toma la temperatura y se le proporciona gel antibacterial. Sin embargo, algunos estudiantes comentaron que dentro de las aulas no todos cumplen con el protocolo de manera constante.<\/p>\n\n\n\n<p class=\"wp-block-paragraph\">Aunque la instituci\u00f3n no especific\u00f3 la cantidad de contagios registrados, se confirm\u00f3 que los casos positivos se concentraron en los primeros dos grados. Por otro lado, se record\u00f3 a las familias que los alumnos de tercer grado deber\u00e1n presentar sus ex\u00e1menes finales entre el 2 y el 6 de junio, requisito para la obtenci\u00f3n de su certificado de secundaria.<\/p>\n","protected":false},"excerpt":{"rendered":"<p>Ante un brote de COVID-19 entre alumnos de primero y segundo grado, la Escuela Secundaria No. 23 &#8216;Francisco I. Madero&#8217;, ubicada en el Fraccionamiento Bernardo Reyes del municipio de Monterrey, activ\u00f3 medidas preventivas que incluyen el uso obligatorio de cubrebocas y la instalaci\u00f3n de filtros sanitarios en el acceso principal del plantel. La medida fue [&hellip;]<\/p>\n","protected":false},"author":2,"featured_media":8133,"comment_status":"open","ping_status":"open","sticky":false,"template":"","format":"standard","meta":{"footnotes":""},"categories":[33],"tags":[],"class_list":["post-8132","post","type-post","status-publish","format-standard","has-post-thumbnail","hentry","category-nuevoleon"],"_links":{"self":[{"href":"https:\/\/distrito.mx\/index.php?rest_route=\/wp\/v2\/posts\/8132","targetHints":{"allow":["GET"]}}],"collection":[{"href":"https:\/\/distrito.mx\/index.php?rest_route=\/wp\/v2\/posts"}],"about":[{"href":"https:\/\/distrito.mx\/index.php?rest_route=\/wp\/v2\/types\/post"}],"author":[{"embeddable":true,"href":"https:\/\/distrito.mx\/index.php?rest_route=\/wp\/v2\/users\/2"}],"replies":[{"embeddable":true,"href":"https:\/\/distrito.mx\/index.php?rest_route=%2Fwp%2Fv2%2Fcomments&post=8132"}],"version-history":[{"count":1,"href":"https:\/\/distrito.mx\/index.php?rest_route=\/wp\/v2\/posts\/8132\/revisions"}],"predecessor-version":[{"id":8134,"href":"https:\/\/distrito.mx\/index.php?rest_route=\/wp\/v2\/posts\/8132\/revisions\/8134"}],"wp:featuredmedia":[{"embeddable":true,"href":"https:\/\/distrito.mx\/index.php?rest_route=\/wp\/v2\/media\/8133"}],"wp:attachment":[{"href":"https:\/\/distrito.mx\/index.php?rest_route=%2Fwp%2Fv2%2Fmedia&parent=8132"}],"wp:term":[{"taxonomy":"category","embeddable":true,"href":"https:\/\/distrito.mx\/index.php?rest_route=%2Fwp%2Fv2%2Fcategories&post=8132"},{"taxonomy":"post_tag","embeddable":true,"href":"https:\/\/distrito.mx\/index.php?rest_route=%2Fwp%2Fv2%2Ftags&post=8132"}],"curies":[{"name":"wp","href":"https:\/\/api.w.org\/{rel}","templated":true}]}}