{"id":8135,"date":"2025-05-29T15:30:00","date_gmt":"2025-05-29T21:30:00","guid":{"rendered":"https:\/\/distrito.mx\/?p=8135"},"modified":"2025-05-29T11:58:01","modified_gmt":"2025-05-29T17:58:01","slug":"adolescente-muere-asfixiado-con-un-globo-en-zapopan","status":"publish","type":"post","link":"https:\/\/distrito.mx\/?p=8135","title":{"rendered":"Adolescente muere asfixiado con un globo en Zapopan"},"content":{"rendered":"\n<p class=\"wp-block-paragraph\">Un adolescente de 14 a\u00f1os perdi\u00f3 la vida en Zapopan, Jalisco, durante la madrugada del mi\u00e9rcoles 28 de mayo, luego de asfixiarse accidentalmente con un globo mientras jugaba en la calle. El menor corr\u00eda hacia una tienda de abarrotes cercana junto a otro ni\u00f1o de 10 a\u00f1os, llevando un globo en la boca. Durante el trayecto, el objeto se le fue hacia la garganta y le bloque\u00f3 la respiraci\u00f3n, provocando que se desvaneciera.<\/p>\n\n\n\n<p class=\"wp-block-paragraph\">Al observar que el adolescente se desplomaba, el ni\u00f1o de 10 a\u00f1os acudi\u00f3 r\u00e1pidamente a la tienda cercana para pedir ayuda, y desde ah\u00ed notificaron de inmediato a los padres. El menor fue llevado al Hospital Santa Ana, pero al llegar ya no presentaba signos vitales. Ante la reacci\u00f3n agresiva de los familiares, se solicit\u00f3 el apoyo de la polic\u00eda municipal para mantener el control en el lugar.<\/p>\n\n\n\n<p class=\"wp-block-paragraph\">Las autoridades se hicieron cargo del caso y comenzaron las investigaciones pertinentes. Personal de la Fiscal\u00eda de Jalisco se present\u00f3 en el hospital Se confirm\u00f3 que se realizar\u00e1 la necropsia de ley para determinar con exactitud la causa del fallecimiento.<\/p>\n","protected":false},"excerpt":{"rendered":"<p>Un adolescente de 14 a\u00f1os perdi\u00f3 la vida en Zapopan, Jalisco, durante la madrugada del mi\u00e9rcoles 28 de mayo, luego de asfixiarse accidentalmente con un globo mientras jugaba en la calle. El menor corr\u00eda hacia una tienda de abarrotes cercana junto a otro ni\u00f1o de 10 a\u00f1os, llevando un globo en la boca. Durante el [&hellip;]<\/p>\n","protected":false},"author":2,"featured_media":8136,"comment_status":"open","ping_status":"open","sticky":false,"template":"","format":"standard","meta":{"footnotes":""},"categories":[27],"tags":[],"class_list":["post-8135","post","type-post","status-publish","format-standard","has-post-thumbnail","hentry","category-estados"],"_links":{"self":[{"href":"https:\/\/distrito.mx\/index.php?rest_route=\/wp\/v2\/posts\/8135","targetHints":{"allow":["GET"]}}],"collection":[{"href":"https:\/\/distrito.mx\/index.php?rest_route=\/wp\/v2\/posts"}],"about":[{"href":"https:\/\/distrito.mx\/index.php?rest_route=\/wp\/v2\/types\/post"}],"author":[{"embeddable":true,"href":"https:\/\/distrito.mx\/index.php?rest_route=\/wp\/v2\/users\/2"}],"replies":[{"embeddable":true,"href":"https:\/\/distrito.mx\/index.php?rest_route=%2Fwp%2Fv2%2Fcomments&post=8135"}],"version-history":[{"count":1,"href":"https:\/\/distrito.mx\/index.php?rest_route=\/wp\/v2\/posts\/8135\/revisions"}],"predecessor-version":[{"id":8137,"href":"https:\/\/distrito.mx\/index.php?rest_route=\/wp\/v2\/posts\/8135\/revisions\/8137"}],"wp:featuredmedia":[{"embeddable":true,"href":"https:\/\/distrito.mx\/index.php?rest_route=\/wp\/v2\/media\/8136"}],"wp:attachment":[{"href":"https:\/\/distrito.mx\/index.php?rest_route=%2Fwp%2Fv2%2Fmedia&parent=8135"}],"wp:term":[{"taxonomy":"category","embeddable":true,"href":"https:\/\/distrito.mx\/index.php?rest_route=%2Fwp%2Fv2%2Fcategories&post=8135"},{"taxonomy":"post_tag","embeddable":true,"href":"https:\/\/distrito.mx\/index.php?rest_route=%2Fwp%2Fv2%2Ftags&post=8135"}],"curies":[{"name":"wp","href":"https:\/\/api.w.org\/{rel}","templated":true}]}}