{"id":8141,"date":"2025-05-29T17:30:00","date_gmt":"2025-05-29T23:30:00","guid":{"rendered":"https:\/\/distrito.mx\/?p=8141"},"modified":"2025-05-29T13:17:34","modified_gmt":"2025-05-29T19:17:34","slug":"valentina-gilabert-reaparece-junto-al-ex-de-marianne-y-su-hija-generando-polemica-en-redes","status":"publish","type":"post","link":"https:\/\/distrito.mx\/?p=8141","title":{"rendered":"Valentina Gilabert reaparece junto al ex de Marianne y su hija, generando pol\u00e9mica en redes"},"content":{"rendered":"\n<p class=\"wp-block-paragraph\">Valentina Gilabert, modelo e influencer que fue atacada meses atr\u00e1s por Marianne \u2014una joven conocida en redes por su faceta de madre bloguera\u2014, ha vuelto a causar revuelo tras difundirse un video en el que aparece celebrando su cumplea\u00f1os acompa\u00f1ada por el exnovio de su agresora y la hija de ambos.<\/p>\n\n\n\n<p class=\"wp-block-paragraph\">El hecho ocurre mientras Marianne permanece recluida tras haber sido se\u00f1alada por apu\u00f1alar a Valentina Gilabert en lo que se presume fue un ataque motivado por celos.<br>En las im\u00e1genes que circularon recientemente en redes sociales, se observa a Valentina en un ambiente festivo, empujando una carriola con la menor y siendo acompa\u00f1ada por el mismo hombre cuya supuesta relaci\u00f3n con la modelo fue negada previamente por la familia de ella.<\/p>\n\n\n\n<p class=\"wp-block-paragraph\">En otro fragmento del video, se les ve d\u00e1ndose un beso, lo que aviv\u00f3 a\u00fan m\u00e1s la discusi\u00f3n entre usuarios de distintas plataformas. La presencia de la influencer conviviendo con el ex de Marianne y con la menor de edad gener\u00f3 una oleada de reacciones divididas. Mientras algunas personas expresaron desconcierto e incluso molestia por la cercan\u00eda entre Valentina y la hija de su agresora, otras defendieron la situaci\u00f3n, argumentando que la ni\u00f1a podr\u00eda beneficiarse de un entorno tranquilo, alejado de la violencia.<\/p>\n\n\n\n<p class=\"wp-block-paragraph\">A pesar de la controversia, no se ha emitido ninguna aclaraci\u00f3n oficial al respecto. La familia de Valentina tambi\u00e9n ha sido objeto de cr\u00edticas por parte de usuarios en redes sociales, quienes consideran que no debieron permitir que la joven mantuviera cercan\u00eda con personas relacionadas con el incidente que casi le cuesta la vida. En d\u00edas recientes, la influencer pidi\u00f3 que no se emitieran juicios sin conocer el contexto completo.<\/p>\n","protected":false},"excerpt":{"rendered":"<p>Valentina Gilabert, modelo e influencer que fue atacada meses atr\u00e1s por Marianne \u2014una joven conocida en redes por su faceta de madre bloguera\u2014, ha vuelto a causar revuelo tras difundirse un video en el que aparece celebrando su cumplea\u00f1os acompa\u00f1ada por el exnovio de su agresora y la hija de ambos. El hecho ocurre mientras [&hellip;]<\/p>\n","protected":false},"author":2,"featured_media":8142,"comment_status":"open","ping_status":"open","sticky":false,"template":"","format":"standard","meta":{"footnotes":""},"categories":[36],"tags":[],"class_list":["post-8141","post","type-post","status-publish","format-standard","has-post-thumbnail","hentry","category-famosos"],"_links":{"self":[{"href":"https:\/\/distrito.mx\/index.php?rest_route=\/wp\/v2\/posts\/8141","targetHints":{"allow":["GET"]}}],"collection":[{"href":"https:\/\/distrito.mx\/index.php?rest_route=\/wp\/v2\/posts"}],"about":[{"href":"https:\/\/distrito.mx\/index.php?rest_route=\/wp\/v2\/types\/post"}],"author":[{"embeddable":true,"href":"https:\/\/distrito.mx\/index.php?rest_route=\/wp\/v2\/users\/2"}],"replies":[{"embeddable":true,"href":"https:\/\/distrito.mx\/index.php?rest_route=%2Fwp%2Fv2%2Fcomments&post=8141"}],"version-history":[{"count":1,"href":"https:\/\/distrito.mx\/index.php?rest_route=\/wp\/v2\/posts\/8141\/revisions"}],"predecessor-version":[{"id":8143,"href":"https:\/\/distrito.mx\/index.php?rest_route=\/wp\/v2\/posts\/8141\/revisions\/8143"}],"wp:featuredmedia":[{"embeddable":true,"href":"https:\/\/distrito.mx\/index.php?rest_route=\/wp\/v2\/media\/8142"}],"wp:attachment":[{"href":"https:\/\/distrito.mx\/index.php?rest_route=%2Fwp%2Fv2%2Fmedia&parent=8141"}],"wp:term":[{"taxonomy":"category","embeddable":true,"href":"https:\/\/distrito.mx\/index.php?rest_route=%2Fwp%2Fv2%2Fcategories&post=8141"},{"taxonomy":"post_tag","embeddable":true,"href":"https:\/\/distrito.mx\/index.php?rest_route=%2Fwp%2Fv2%2Ftags&post=8141"}],"curies":[{"name":"wp","href":"https:\/\/api.w.org\/{rel}","templated":true}]}}