{"id":8150,"date":"2025-05-29T23:30:00","date_gmt":"2025-05-30T05:30:00","guid":{"rendered":"https:\/\/distrito.mx\/?p=8150"},"modified":"2025-05-29T18:14:03","modified_gmt":"2025-05-30T00:14:03","slug":"novia-de-alejandro-sanz-desata-rumores-tras-dejar-de-seguirlo-a-el-y-a-shakira-en-instagram","status":"publish","type":"post","link":"https:\/\/distrito.mx\/?p=8150","title":{"rendered":"Novia de Alejandro Sanz desata rumores tras dejar de seguirlo a \u00e9l y a Shakira en Instagram"},"content":{"rendered":"\n<p class=\"wp-block-paragraph\">El mundo del entretenimiento ha comenzado a especular sobre el posible fin del romance entre Candela M\u00e1rquez y Alejandro Sanz, luego de que la actriz espa\u00f1ola dejara de seguir en Instagram tanto al cantante como a Shakira. Este movimiento ha generado interpretaciones diversas, especialmente porque se produce poco despu\u00e9s del estreno de una nueva colaboraci\u00f3n musical entre Alejandro Sanz y la cantante colombiana.<\/p>\n\n\n\n<p class=\"wp-block-paragraph\">Candela M\u00e1rquez y Alejandro Sanz confirmaron su relaci\u00f3n en noviembre de 2024, cuando aparecieron juntos en un evento de los Latin Grammy, acompa\u00f1ados incluso por la hija mayor del int\u00e9rprete. Desde entonces, se mostraron cercanos en redes sociales y apariciones p\u00fablicas, consolidando una relaci\u00f3n que parec\u00eda estable. Incluso, Candela hab\u00eda compartido momentos con Shakira, lo que daba cuenta de una buena relaci\u00f3n entre ambas. Sin embargo, al dejar de seguirla tambi\u00e9n a ella, se ha encendido la especulaci\u00f3n sobre un posible conflicto.<\/p>\n\n\n\n<p class=\"wp-block-paragraph\">Hasta el momento, ninguna de las partes ha emitido declaraciones sobre el tema. Mientras tanto, la atenci\u00f3n se ha centrado en la evidente cercan\u00eda entre Alejandro Sanz y Shakira en el video promocional de &#8216;B\u00e9same&#8217;, donde su qu\u00edmica ha sido interpretada por muchos como un posible detonante del distanciamiento con Candela M\u00e1rquez. La historia personal de ambos artistas, marcada por relaciones sentimentales ampliamente cubiertas por los medios, a\u00f1ade un contexto que alimenta a\u00fan m\u00e1s los rumores.<\/p>\n","protected":false},"excerpt":{"rendered":"<p>El mundo del entretenimiento ha comenzado a especular sobre el posible fin del romance entre Candela M\u00e1rquez y Alejandro Sanz, luego de que la actriz espa\u00f1ola dejara de seguir en Instagram tanto al cantante como a Shakira. Este movimiento ha generado interpretaciones diversas, especialmente porque se produce poco despu\u00e9s del estreno de una nueva colaboraci\u00f3n [&hellip;]<\/p>\n","protected":false},"author":2,"featured_media":8151,"comment_status":"open","ping_status":"open","sticky":false,"template":"","format":"standard","meta":{"footnotes":""},"categories":[24],"tags":[],"class_list":["post-8150","post","type-post","status-publish","format-standard","has-post-thumbnail","hentry","category-espectaculos"],"_links":{"self":[{"href":"https:\/\/distrito.mx\/index.php?rest_route=\/wp\/v2\/posts\/8150","targetHints":{"allow":["GET"]}}],"collection":[{"href":"https:\/\/distrito.mx\/index.php?rest_route=\/wp\/v2\/posts"}],"about":[{"href":"https:\/\/distrito.mx\/index.php?rest_route=\/wp\/v2\/types\/post"}],"author":[{"embeddable":true,"href":"https:\/\/distrito.mx\/index.php?rest_route=\/wp\/v2\/users\/2"}],"replies":[{"embeddable":true,"href":"https:\/\/distrito.mx\/index.php?rest_route=%2Fwp%2Fv2%2Fcomments&post=8150"}],"version-history":[{"count":1,"href":"https:\/\/distrito.mx\/index.php?rest_route=\/wp\/v2\/posts\/8150\/revisions"}],"predecessor-version":[{"id":8152,"href":"https:\/\/distrito.mx\/index.php?rest_route=\/wp\/v2\/posts\/8150\/revisions\/8152"}],"wp:featuredmedia":[{"embeddable":true,"href":"https:\/\/distrito.mx\/index.php?rest_route=\/wp\/v2\/media\/8151"}],"wp:attachment":[{"href":"https:\/\/distrito.mx\/index.php?rest_route=%2Fwp%2Fv2%2Fmedia&parent=8150"}],"wp:term":[{"taxonomy":"category","embeddable":true,"href":"https:\/\/distrito.mx\/index.php?rest_route=%2Fwp%2Fv2%2Fcategories&post=8150"},{"taxonomy":"post_tag","embeddable":true,"href":"https:\/\/distrito.mx\/index.php?rest_route=%2Fwp%2Fv2%2Ftags&post=8150"}],"curies":[{"name":"wp","href":"https:\/\/api.w.org\/{rel}","templated":true}]}}