{"id":8153,"date":"2025-05-30T09:42:08","date_gmt":"2025-05-30T15:42:08","guid":{"rendered":"https:\/\/distrito.mx\/?p=8153"},"modified":"2025-05-30T09:42:09","modified_gmt":"2025-05-30T15:42:09","slug":"chofer-de-camion-queda-en-coma-tras-ser-brutalmente-agredido-por-pasajero-en-guadalajara","status":"publish","type":"post","link":"https:\/\/distrito.mx\/?p=8153","title":{"rendered":"Chofer de cami\u00f3n queda en coma tras ser brutalmente agredido por pasajero en Guadalajara"},"content":{"rendered":"\n<p class=\"wp-block-paragraph\">Tras un choque entre dos unidades en el cruce de Calzada L\u00e1zaro C\u00e1rdenas y Avenida Mandarina, en Guadalajara, un pasajero agredi\u00f3 brutalmente a un chofer de transporte p\u00fablico. La agresi\u00f3n ocurri\u00f3 el pasado 15 de mayo y fue captada por las c\u00e1maras de seguridad del propio cami\u00f3n.<\/p>\n\n\n\n<p class=\"wp-block-paragraph\">En el video se observa c\u00f3mo, tras el accidente, uno de los pasajeros discute con el chofer mientras este hablaba por tel\u00e9fono. De manera repentina, el hombre comenz\u00f3 a golpearlo primero con una patada y luego en la cabeza con un termo, dej\u00e1ndolo inconsciente.<\/p>\n\n\n\n<p class=\"wp-block-paragraph\">El chofer fue llevado al hospital en coma y, aunque ha tenido cierta recuperaci\u00f3n, su estado de salud sigue siendo delicado. La Fiscal\u00eda de Jalisco abri\u00f3 una carpeta de investigaci\u00f3n por lesiones y logr\u00f3 identificar al agresor, quien portaba una chamarra con el logotipo de una empresa de seguridad privada llamada CAHERENGO.<\/p>\n\n\n\n<p class=\"wp-block-paragraph\">Dicha empresa se deslind\u00f3 del comportamiento del sujeto y expres\u00f3 su disposici\u00f3n para colaborar con las autoridades. En redes sociales, el hecho tambi\u00e9n gener\u00f3 indignaci\u00f3n por la pasividad de los dem\u00e1s pasajeros, quienes no intervinieron ni solicitaron ayuda m\u00e9dica.<\/p>\n","protected":false},"excerpt":{"rendered":"<p>Tras un choque entre dos unidades en el cruce de Calzada L\u00e1zaro C\u00e1rdenas y Avenida Mandarina, en Guadalajara, un pasajero agredi\u00f3 brutalmente a un chofer de transporte p\u00fablico. La agresi\u00f3n ocurri\u00f3 el pasado 15 de mayo y fue captada por las c\u00e1maras de seguridad del propio cami\u00f3n. En el video se observa c\u00f3mo, tras el [&hellip;]<\/p>\n","protected":false},"author":2,"featured_media":8154,"comment_status":"open","ping_status":"open","sticky":false,"template":"","format":"standard","meta":{"footnotes":""},"categories":[27],"tags":[],"class_list":["post-8153","post","type-post","status-publish","format-standard","has-post-thumbnail","hentry","category-estados"],"_links":{"self":[{"href":"https:\/\/distrito.mx\/index.php?rest_route=\/wp\/v2\/posts\/8153","targetHints":{"allow":["GET"]}}],"collection":[{"href":"https:\/\/distrito.mx\/index.php?rest_route=\/wp\/v2\/posts"}],"about":[{"href":"https:\/\/distrito.mx\/index.php?rest_route=\/wp\/v2\/types\/post"}],"author":[{"embeddable":true,"href":"https:\/\/distrito.mx\/index.php?rest_route=\/wp\/v2\/users\/2"}],"replies":[{"embeddable":true,"href":"https:\/\/distrito.mx\/index.php?rest_route=%2Fwp%2Fv2%2Fcomments&post=8153"}],"version-history":[{"count":1,"href":"https:\/\/distrito.mx\/index.php?rest_route=\/wp\/v2\/posts\/8153\/revisions"}],"predecessor-version":[{"id":8155,"href":"https:\/\/distrito.mx\/index.php?rest_route=\/wp\/v2\/posts\/8153\/revisions\/8155"}],"wp:featuredmedia":[{"embeddable":true,"href":"https:\/\/distrito.mx\/index.php?rest_route=\/wp\/v2\/media\/8154"}],"wp:attachment":[{"href":"https:\/\/distrito.mx\/index.php?rest_route=%2Fwp%2Fv2%2Fmedia&parent=8153"}],"wp:term":[{"taxonomy":"category","embeddable":true,"href":"https:\/\/distrito.mx\/index.php?rest_route=%2Fwp%2Fv2%2Fcategories&post=8153"},{"taxonomy":"post_tag","embeddable":true,"href":"https:\/\/distrito.mx\/index.php?rest_route=%2Fwp%2Fv2%2Ftags&post=8153"}],"curies":[{"name":"wp","href":"https:\/\/api.w.org\/{rel}","templated":true}]}}