{"id":8165,"date":"2025-05-30T11:07:31","date_gmt":"2025-05-30T17:07:31","guid":{"rendered":"https:\/\/distrito.mx\/?p=8165"},"modified":"2025-05-30T11:07:31","modified_gmt":"2025-05-30T17:07:31","slug":"valentina-evitaba-salir-por-temor-a-su-ex-termino-quitandose-la-vida","status":"publish","type":"post","link":"https:\/\/distrito.mx\/?p=8165","title":{"rendered":"Valentina evitaba salir por temor a su ex: termin\u00f3 quit\u00e1ndose la vida"},"content":{"rendered":"\n<p class=\"wp-block-paragraph\">Valentina Orona, una joven de 18 a\u00f1os, viv\u00eda en un constante estado de angustia y aislamiento, lo que la llev\u00f3 a dejar de asistir a la escuela y evitar salir de su casa. Su familia, especialmente su hermana Yamila, comenz\u00f3 a notar un preocupante cambio en su comportamiento, alimentado por mensajes en los que Valentina expresaba temor de encontrarse con su exnovio, un hombre de 26 a\u00f1os que, seg\u00fan relatan sus allegados, la acosaba y violentaba de manera constante.<\/p>\n\n\n\n<p class=\"wp-block-paragraph\">Personas cercanas a Valentina se\u00f1alaron que ella viv\u00eda bajo el control de su ex pareja, quien incluso fue visto por testigos golpe\u00e1ndola en p\u00fablico y forz\u00e1ndola a subir a un autom\u00f3vil. Seg\u00fan Yamila, exist\u00edan mensajes donde la joven expresaba que si sal\u00eda, \u00e9l podr\u00eda matarla. La violencia que sufr\u00eda era conocida por su entorno, y se intensific\u00f3 d\u00edas antes de su tr\u00e1gica muerte, cuando su exnovio la contact\u00f3 insistentemente por redes sociales y llamadas telef\u00f3nicas.<\/p>\n\n\n\n<p class=\"wp-block-paragraph\">Valentina fue encontrada muerta por su familia, quienes ahora exigen que el caso no se trate como un simple suicidio, sino como instigaci\u00f3n al suicidio. Argumentan que la presi\u00f3n psicol\u00f3gica, el acoso y la violencia ejercida por el joven de 26 a\u00f1os fueron determinantes en su decisi\u00f3n. La comunidad de Longchamps, Argentina, donde ocurri\u00f3 la tragedia, est\u00e1 consternada, mientras los familiares claman justicia por la joven v\u00edctima.<\/p>\n","protected":false},"excerpt":{"rendered":"<p>Valentina Orona, una joven de 18 a\u00f1os, viv\u00eda en un constante estado de angustia y aislamiento, lo que la llev\u00f3 a dejar de asistir a la escuela y evitar salir de su casa. Su familia, especialmente su hermana Yamila, comenz\u00f3 a notar un preocupante cambio en su comportamiento, alimentado por mensajes en los que Valentina [&hellip;]<\/p>\n","protected":false},"author":4,"featured_media":8166,"comment_status":"open","ping_status":"open","sticky":false,"template":"","format":"standard","meta":{"footnotes":""},"categories":[23],"tags":[],"class_list":["post-8165","post","type-post","status-publish","format-standard","has-post-thumbnail","hentry","category-internacional"],"_links":{"self":[{"href":"https:\/\/distrito.mx\/index.php?rest_route=\/wp\/v2\/posts\/8165","targetHints":{"allow":["GET"]}}],"collection":[{"href":"https:\/\/distrito.mx\/index.php?rest_route=\/wp\/v2\/posts"}],"about":[{"href":"https:\/\/distrito.mx\/index.php?rest_route=\/wp\/v2\/types\/post"}],"author":[{"embeddable":true,"href":"https:\/\/distrito.mx\/index.php?rest_route=\/wp\/v2\/users\/4"}],"replies":[{"embeddable":true,"href":"https:\/\/distrito.mx\/index.php?rest_route=%2Fwp%2Fv2%2Fcomments&post=8165"}],"version-history":[{"count":1,"href":"https:\/\/distrito.mx\/index.php?rest_route=\/wp\/v2\/posts\/8165\/revisions"}],"predecessor-version":[{"id":8167,"href":"https:\/\/distrito.mx\/index.php?rest_route=\/wp\/v2\/posts\/8165\/revisions\/8167"}],"wp:featuredmedia":[{"embeddable":true,"href":"https:\/\/distrito.mx\/index.php?rest_route=\/wp\/v2\/media\/8166"}],"wp:attachment":[{"href":"https:\/\/distrito.mx\/index.php?rest_route=%2Fwp%2Fv2%2Fmedia&parent=8165"}],"wp:term":[{"taxonomy":"category","embeddable":true,"href":"https:\/\/distrito.mx\/index.php?rest_route=%2Fwp%2Fv2%2Fcategories&post=8165"},{"taxonomy":"post_tag","embeddable":true,"href":"https:\/\/distrito.mx\/index.php?rest_route=%2Fwp%2Fv2%2Ftags&post=8165"}],"curies":[{"name":"wp","href":"https:\/\/api.w.org\/{rel}","templated":true}]}}