{"id":8171,"date":"2025-05-30T11:30:00","date_gmt":"2025-05-30T17:30:00","guid":{"rendered":"https:\/\/distrito.mx\/?p=8171"},"modified":"2025-05-30T11:13:41","modified_gmt":"2025-05-30T17:13:41","slug":"gobierno-de-donald-trump-podra-revocar-estatus-temporal-a-migrantes-de-cuatro-paises","status":"publish","type":"post","link":"https:\/\/distrito.mx\/?p=8171","title":{"rendered":"Gobierno de Donald Trump podr\u00e1 revocar estatus temporal a migrantes de cuatro pa\u00edses"},"content":{"rendered":"\n<p class=\"wp-block-paragraph\">La Corte Suprema de Estados Unidos autoriz\u00f3 a la administraci\u00f3n de Donald Trump a quitar de forma inmediata el estatus temporal que permit\u00eda a cerca de medio mill\u00f3n de migrantes de Cuba, Hait\u00ed, Nicaragua y Venezuela a vivir y laborar en el pa\u00eds. Esta decisi\u00f3n revoca los programas de libertad condicional implementados durante el gobierno de Joe Biden, dise\u00f1ados para ofrecer protecci\u00f3n humanitaria y facilitar la entrada temporal de personas de esos pa\u00edses.<\/p>\n\n\n\n<p class=\"wp-block-paragraph\">El fallo, que cont\u00f3 con dos votos en contra de las magistradas Ketanji Brown Jackson y Sonia Sotomayor, Revoc\u00f3 una resoluci\u00f3n anterior de un tribunal federal que hab\u00eda suspendido la suspensi\u00f3n de estos beneficios durante el desarrollo del proceso judicial. Las magistradas alertaron que la medida tendr\u00eda un impacto severo en las vidas y medios de subsistencia de los afectados.<\/p>\n\n\n\n<p class=\"wp-block-paragraph\">Por su parte, el fiscal general de Estados Unidos durante la administraci\u00f3n Trump, D. John Sauer, defendi\u00f3 la necesidad de revocar la libertad condicional de manera generalizada, argumentando que realizar evaluaciones individuales ser\u00eda demasiado complejo y dificultar\u00eda la gesti\u00f3n migratoria.<\/p>\n\n\n\n<p class=\"wp-block-paragraph\">La jueza federal de distrito Indira Talwani, con sede en Boston, explic\u00f3 que la legislaci\u00f3n federal en materia migratoria requiere que la revocaci\u00f3n de la libertad condicional se realice caso por caso, en lugar de aplicarse de forma generalizada, mientras miles de familias enfrentan incertidumbre sobre su futuro en Estados Unidos.<\/p>\n","protected":false},"excerpt":{"rendered":"<p>La Corte Suprema de Estados Unidos autoriz\u00f3 a la administraci\u00f3n de Donald Trump a quitar de forma inmediata el estatus temporal que permit\u00eda a cerca de medio mill\u00f3n de migrantes de Cuba, Hait\u00ed, Nicaragua y Venezuela a vivir y laborar en el pa\u00eds. Esta decisi\u00f3n revoca los programas de libertad condicional implementados durante el gobierno [&hellip;]<\/p>\n","protected":false},"author":2,"featured_media":8172,"comment_status":"open","ping_status":"open","sticky":false,"template":"","format":"standard","meta":{"footnotes":""},"categories":[23],"tags":[],"class_list":["post-8171","post","type-post","status-publish","format-standard","has-post-thumbnail","hentry","category-internacional"],"_links":{"self":[{"href":"https:\/\/distrito.mx\/index.php?rest_route=\/wp\/v2\/posts\/8171","targetHints":{"allow":["GET"]}}],"collection":[{"href":"https:\/\/distrito.mx\/index.php?rest_route=\/wp\/v2\/posts"}],"about":[{"href":"https:\/\/distrito.mx\/index.php?rest_route=\/wp\/v2\/types\/post"}],"author":[{"embeddable":true,"href":"https:\/\/distrito.mx\/index.php?rest_route=\/wp\/v2\/users\/2"}],"replies":[{"embeddable":true,"href":"https:\/\/distrito.mx\/index.php?rest_route=%2Fwp%2Fv2%2Fcomments&post=8171"}],"version-history":[{"count":1,"href":"https:\/\/distrito.mx\/index.php?rest_route=\/wp\/v2\/posts\/8171\/revisions"}],"predecessor-version":[{"id":8173,"href":"https:\/\/distrito.mx\/index.php?rest_route=\/wp\/v2\/posts\/8171\/revisions\/8173"}],"wp:featuredmedia":[{"embeddable":true,"href":"https:\/\/distrito.mx\/index.php?rest_route=\/wp\/v2\/media\/8172"}],"wp:attachment":[{"href":"https:\/\/distrito.mx\/index.php?rest_route=%2Fwp%2Fv2%2Fmedia&parent=8171"}],"wp:term":[{"taxonomy":"category","embeddable":true,"href":"https:\/\/distrito.mx\/index.php?rest_route=%2Fwp%2Fv2%2Fcategories&post=8171"},{"taxonomy":"post_tag","embeddable":true,"href":"https:\/\/distrito.mx\/index.php?rest_route=%2Fwp%2Fv2%2Ftags&post=8171"}],"curies":[{"name":"wp","href":"https:\/\/api.w.org\/{rel}","templated":true}]}}