{"id":8200,"date":"2025-05-30T15:30:00","date_gmt":"2025-05-30T21:30:00","guid":{"rendered":"https:\/\/distrito.mx\/?p=8200"},"modified":"2025-05-30T12:34:24","modified_gmt":"2025-05-30T18:34:24","slug":"farid-dieck-y-la-polemica-que-ha-desatado-su-relacion-con-jessica-fernandez","status":"publish","type":"post","link":"https:\/\/distrito.mx\/?p=8200","title":{"rendered":"Farid Dieck y la pol\u00e9mica que ha desatado su relaci\u00f3n con Jessica Fern\u00e1ndez"},"content":{"rendered":"\n<p class=\"wp-block-paragraph\">Farid Dieck, uno de los influencers mexicanos m\u00e1s conocidos por su contenido enfocado en el desarrollo personal, el amor propio y el bienestar emocional, enfrenta actualmente una ola de cr\u00edticas en redes sociales a ra\u00edz de su relaci\u00f3n con la tambi\u00e9n influencer y activista Jessica Fern\u00e1ndez.<\/p>\n\n\n\n<p class=\"wp-block-paragraph\">Lo que parec\u00eda un relato sentimental m\u00e1s, pronto se transform\u00f3 en una conversaci\u00f3n p\u00fablica sobre autenticidad, masculinidad y amor propio. A pesar de que Farid Dieck ha construido una carrera centrada en promover la introspecci\u00f3n y el autocuidado, usuarios en redes sociales lo han acusado de actuar de forma contraria a su discurso.<\/p>\n\n\n\n<p class=\"wp-block-paragraph\">Esto ocurri\u00f3 luego de que se viralizara un fragmento de un podcast donde relat\u00f3 c\u00f3mo surgi\u00f3 su relaci\u00f3n sentimental. El testimonio fue interpretado por muchos como una muestra de que su v\u00ednculo con Jessica se dio hasta que su presencia p\u00fablica creci\u00f3, lo que ha llevado a cuestionar si hubo un inter\u00e9s oportunista por parte de ella.<\/p>\n\n\n\n<figure class=\"wp-block-image size-full\"><img loading=\"lazy\" decoding=\"async\" width=\"477\" height=\"596\" src=\"https:\/\/distrito.mx\/wp-content\/uploads\/2025\/05\/image-4.png\" alt=\"\" class=\"wp-image-8204\" srcset=\"https:\/\/distrito.mx\/wp-content\/uploads\/2025\/05\/image-4.png 477w, https:\/\/distrito.mx\/wp-content\/uploads\/2025\/05\/image-4-240x300.png 240w, https:\/\/distrito.mx\/wp-content\/uploads\/2025\/05\/image-4-150x187.png 150w, https:\/\/distrito.mx\/wp-content\/uploads\/2025\/05\/image-4-300x375.png 300w\" sizes=\"auto, (max-width: 477px) 100vw, 477px\" \/><\/figure>\n\n\n\n<p class=\"wp-block-paragraph\">Otros se\u00f1alaron que \u00e9l proyectaba una actitud insistente o dependiente, lo que gener\u00f3 burlas sobre su autoestima. Buena parte de los comentarios cr\u00edticos provienen de una comunidad digital llamada Temach, que promueve visiones tradicionales y radicales sobre la masculinidad, desde donde se ha utilizado el caso como ejemplo para reforzar discursos que ridiculizan a los hombres que muestran vulnerabilidad en relaciones sentimentales.<\/p>\n\n\n\n<figure class=\"wp-block-image size-full\"><img loading=\"lazy\" decoding=\"async\" width=\"479\" height=\"596\" src=\"https:\/\/distrito.mx\/wp-content\/uploads\/2025\/05\/image-5.png\" alt=\"\" class=\"wp-image-8205\" srcset=\"https:\/\/distrito.mx\/wp-content\/uploads\/2025\/05\/image-5.png 479w, https:\/\/distrito.mx\/wp-content\/uploads\/2025\/05\/image-5-241x300.png 241w, https:\/\/distrito.mx\/wp-content\/uploads\/2025\/05\/image-5-150x187.png 150w, https:\/\/distrito.mx\/wp-content\/uploads\/2025\/05\/image-5-300x373.png 300w\" sizes=\"auto, (max-width: 479px) 100vw, 479px\" \/><\/figure>\n\n\n\n<p class=\"wp-block-paragraph\">Esta situaci\u00f3n ha encendido el debate en torno a las expectativas sobre figuras p\u00fablicas que promueven el crecimiento personal, as\u00ed como los juicios que enfrentan cuando su vida privada no encaja con los est\u00e1ndares que predican. Mientras tanto, Farid sigue siendo una figura influyente para miles de seguidores que encuentran en su contenido un espacio de reflexi\u00f3n emocional.<\/p>\n\n\n\n<p class=\"wp-block-paragraph\"><\/p>\n","protected":false},"excerpt":{"rendered":"<p>Farid Dieck, uno de los influencers mexicanos m\u00e1s conocidos por su contenido enfocado en el desarrollo personal, el amor propio y el bienestar emocional, enfrenta actualmente una ola de cr\u00edticas en redes sociales a ra\u00edz de su relaci\u00f3n con la tambi\u00e9n influencer y activista Jessica Fern\u00e1ndez. Lo que parec\u00eda un relato sentimental m\u00e1s, pronto se [&hellip;]<\/p>\n","protected":false},"author":2,"featured_media":8206,"comment_status":"open","ping_status":"open","sticky":false,"template":"","format":"standard","meta":{"footnotes":""},"categories":[26],"tags":[],"class_list":["post-8200","post","type-post","status-publish","format-standard","has-post-thumbnail","hentry","category-tendencias"],"_links":{"self":[{"href":"https:\/\/distrito.mx\/index.php?rest_route=\/wp\/v2\/posts\/8200","targetHints":{"allow":["GET"]}}],"collection":[{"href":"https:\/\/distrito.mx\/index.php?rest_route=\/wp\/v2\/posts"}],"about":[{"href":"https:\/\/distrito.mx\/index.php?rest_route=\/wp\/v2\/types\/post"}],"author":[{"embeddable":true,"href":"https:\/\/distrito.mx\/index.php?rest_route=\/wp\/v2\/users\/2"}],"replies":[{"embeddable":true,"href":"https:\/\/distrito.mx\/index.php?rest_route=%2Fwp%2Fv2%2Fcomments&post=8200"}],"version-history":[{"count":1,"href":"https:\/\/distrito.mx\/index.php?rest_route=\/wp\/v2\/posts\/8200\/revisions"}],"predecessor-version":[{"id":8207,"href":"https:\/\/distrito.mx\/index.php?rest_route=\/wp\/v2\/posts\/8200\/revisions\/8207"}],"wp:featuredmedia":[{"embeddable":true,"href":"https:\/\/distrito.mx\/index.php?rest_route=\/wp\/v2\/media\/8206"}],"wp:attachment":[{"href":"https:\/\/distrito.mx\/index.php?rest_route=%2Fwp%2Fv2%2Fmedia&parent=8200"}],"wp:term":[{"taxonomy":"category","embeddable":true,"href":"https:\/\/distrito.mx\/index.php?rest_route=%2Fwp%2Fv2%2Fcategories&post=8200"},{"taxonomy":"post_tag","embeddable":true,"href":"https:\/\/distrito.mx\/index.php?rest_route=%2Fwp%2Fv2%2Ftags&post=8200"}],"curies":[{"name":"wp","href":"https:\/\/api.w.org\/{rel}","templated":true}]}}